{"id":7733,"date":"2015-02-17T19:41:05","date_gmt":"2015-02-17T19:41:05","guid":{"rendered":"http:\/\/sindvalores.com.br\/site\/?p=7733"},"modified":"2015-02-17T19:41:05","modified_gmt":"2015-02-17T19:41:05","slug":"ladroes-levam-r-250-mil-de-agencia-do-santander","status":"publish","type":"post","link":"https:\/\/www.sindvalores.com.br\/site\/institucional\/noticias\/ladroes-levam-r-250-mil-de-agencia-do-santander","title":{"rendered":"\u00bb Ladr\u00f5es levam R$ 250 mil de ag\u00eancia do Santander"},"content":{"rendered":"<table border=\"0\" width=\"100%\">\n<tbody>\n<tr>\n<td>Sem precisar arrombar uma porta sequer e nem explodir algum caixa-eletr\u00f4nico, uma dupla de assaltantes levou R$ 250 mil de uma ag\u00eancia do banco Santander localizada na Avenida Historiador Rubens de Mendon\u00e7a, conhecida como Avenida do CPA, em Cuiab\u00e1, na noite de sexta-feira (13).<\/p>\n<p>Segundo consta no Boletim de Ocorr\u00eancia, o gerente da unidade, Edson Aquino de Souza Bezerra, conta que ele e um seguran\u00e7a foram surpreendidos por uma dupla de bandidos, um branco e baixo (e estava armado) e outro moreno de estatura m\u00e9dia.<\/p>\n<p>A \u201cinvas\u00e3o\u201d ocorreu por volta das 19h30. O gerente conta que ele e o seguran\u00e7a foram amarrados com adesivos do tipo \u201cjacarezinho\u201d. Uma vez preso, Edson teria sido for\u00e7ado, atrav\u00e9s de amea\u00e7as, a dizer onde estavam as chaves do cofre e a senha.<\/p>\n<p>Al\u00e9m dos cerca de R$ 250 mil em dinheiro (todo o dinheiro que estava no cofre), a dupla de bandidos levou tr\u00eas rev\u00f3lveres calibre 38, muni\u00e7\u00e3o para essas armas e dois coletes \u00e0 prova de bala da empresa de seguran\u00e7a Prosegur, respons\u00e1vel pela prote\u00e7\u00e3o da ag\u00eancia.<\/p>\n<p>O gerente e o vigia conseguiram se soltar logo ap\u00f3s a dupla de criminosos fugir. Em seguida, a Pol\u00edcia Militar chegou ao local, acionada pelo Centro Integrado de Opera\u00e7\u00f5es de Seguran\u00e7a P\u00fablica (Ciosp) \u2013 por sua vez avisado pelo alarme da ag\u00eancia.<\/p>\n<p>De acordo com os policiais, a porta de vidro do primeiro piso da ag\u00eancia, que d\u00e1 acesso ao segundo piso onde o gerente e o vigia foram surpreendidos, estava totalmente aberta e sem qualquer sinal de arrombamento. Quando chegaram ao local, o banc\u00e1rio e o seguran\u00e7a j\u00e1 haviam conseguido se libertar.<\/p>\n<p>As imagens do circuito interno de seguran\u00e7a da ag\u00eancia do banco Santander j\u00e1 foram solicitadas. Al\u00e9m disso, os policiais militares ressaltaram o fato de existir uma c\u00e2mera de um estabelecimento ao lado que pode ter captado imagens da cal\u00e7ada da frente da unidade banc\u00e1ria.<\/p>\n<p>Arilson da Silva, presidente do Sindicato dos Banc\u00e1rios, afirmou que vai acompanhar as investiga\u00e7\u00f5es de perto e cobrou maior empenho por parte dos banqueiros com a seguran\u00e7a. \u201cMais uma vez o banc\u00e1rio \u00e9 v\u00edtima da falta de seguran\u00e7a. N\u00f3s j\u00e1 cobramos a exist\u00eancia de c\u00e2meras na frente e aos fundos das ag\u00eancias para verificar qualquer movimenta\u00e7\u00e3o estranha e evitar esse tipo de crime\u201d.<\/p>\n<p>O caso \u00e9 pelo menos o terceiro assalto a banco em menos de trinta dias em Mato Grosso. Recentemente, uma ag\u00eancia do Banco do Brasil no munic\u00edpio de Campo Verde e uma unidade do Ita\u00fa em Cuiab\u00e1 tamb\u00e9m foram roubadas. Mato Grosso, em 2011, foi o terceiro estado com maior n\u00famero de ataques a unidades banc\u00e1rias, conforme aponta uma pesquisa da Confedera\u00e7\u00e3o Nacional dos Vigilantes. Somente S\u00e3o Paulo e Rio Grande do Sul registraram mais casos.<\/td>\n<\/tr>\n<tr>\n<td><\/td>\n<\/tr>\n<tr>\n<td>Fonte: Di\u00e1rio de Cuiab\u00e1<\/td>\n<\/tr>\n<\/tbody>\n<\/table>\n","protected":false},"excerpt":{"rendered":"<p>Sem precisar arrombar uma porta sequer e nem explodir algum caixa-eletr\u00f4nico, uma dupla de assaltantes levou R$ 250 mil de uma ag\u00eancia do banco Santander localizada na Avenida Historiador Rubens de Mendon\u00e7a, conhecida como Avenida do CPA, em Cuiab\u00e1, na noite de sexta-feira (13). Segundo consta no Boletim de Ocorr\u00eancia, o gerente da unidade, Edson [&hellip;]<\/p>\n","protected":false},"author":1,"featured_media":0,"comment_status":"open","ping_status":"open","sticky":false,"template":"","format":"standard","meta":{"ngg_post_thumbnail":0,"footnotes":""},"categories":[4],"tags":[],"class_list":["post-7733","post","type-post","status-publish","format-standard","hentry","category-noticias"],"_links":{"self":[{"href":"https:\/\/www.sindvalores.com.br\/site\/wp-json\/wp\/v2\/posts\/7733","targetHints":{"allow":["GET"]}}],"collection":[{"href":"https:\/\/www.sindvalores.com.br\/site\/wp-json\/wp\/v2\/posts"}],"about":[{"href":"https:\/\/www.sindvalores.com.br\/site\/wp-json\/wp\/v2\/types\/post"}],"author":[{"embeddable":true,"href":"https:\/\/www.sindvalores.com.br\/site\/wp-json\/wp\/v2\/users\/1"}],"replies":[{"embeddable":true,"href":"https:\/\/www.sindvalores.com.br\/site\/wp-json\/wp\/v2\/comments?post=7733"}],"version-history":[{"count":1,"href":"https:\/\/www.sindvalores.com.br\/site\/wp-json\/wp\/v2\/posts\/7733\/revisions"}],"predecessor-version":[{"id":7734,"href":"https:\/\/www.sindvalores.com.br\/site\/wp-json\/wp\/v2\/posts\/7733\/revisions\/7734"}],"wp:attachment":[{"href":"https:\/\/www.sindvalores.com.br\/site\/wp-json\/wp\/v2\/media?parent=7733"}],"wp:term":[{"taxonomy":"category","embeddable":true,"href":"https:\/\/www.sindvalores.com.br\/site\/wp-json\/wp\/v2\/categories?post=7733"},{"taxonomy":"post_tag","embeddable":true,"href":"https:\/\/www.sindvalores.com.br\/site\/wp-json\/wp\/v2\/tags?post=7733"}],"curies":[{"name":"wp","href":"https:\/\/api.w.org\/{rel}","templated":true}]}}