{"id":7735,"date":"2015-02-17T19:42:19","date_gmt":"2015-02-17T19:42:19","guid":{"rendered":"http:\/\/sindvalores.com.br\/site\/?p=7735"},"modified":"2015-02-17T19:42:19","modified_gmt":"2015-02-17T19:42:19","slug":"ii-forum-da-igualdade-encerra-propondo-novo-modelo-de-desenvolvimento","status":"publish","type":"post","link":"https:\/\/www.sindvalores.com.br\/site\/institucional\/noticias\/ii-forum-da-igualdade-encerra-propondo-novo-modelo-de-desenvolvimento","title":{"rendered":"\u00bb II F\u00f3rum da Igualdade encerra propondo novo modelo de desenvolvimento"},"content":{"rendered":"<table border=\"0\" width=\"100%\">\n<tbody>\n<tr>\n<td>A busca de um novo modelo de desenvolvimento social e econ\u00f4mico pautou os dois dias do II F\u00f3rum da Igualdade, encerrado na ter\u00e7a-feira (17), em Porto Alegre. O evento foi realizado pelo segundo ano consecutivo em contraponto ao F\u00f3rum da Liberdade, promovido no mesmo per\u00edodo pelas entidades empresariais na capital ga\u00facha.<\/p>\n<p>O painel &#8220;Paradigma do consumo e crise ambiental&#8221; concluiu os debates. O objetivo da mesa era refletir sobre o consumo e a justi\u00e7a ambiental, al\u00e9m de antecipar os grandes debates da Rio+20.<\/p>\n<p>O modelo econ\u00f4mico alicer\u00e7ado na alta produ\u00e7\u00e3o e no alto consumo \u00e9 gerador de destrui\u00e7\u00e3o ambiental e social. \u00c9 necess\u00e1ria e urgente a desconstru\u00e7\u00e3o das ideias neoliberais que colocam o &#8220;consumo&#8221; como paradigma do bem viver.<\/p>\n<p>&#8220;Temos que buscar luzes para novos modelos econ\u00f4micos que levem ao bem viver de toda a sociedade. Os conceitos e modelos importados dos pa\u00edses do norte n\u00e3o s\u00e3o bases para os novos processos que desafiam a humanidade&#8221;, explicou o coordenador da mesa, Waldir Bohn Gass.<\/p>\n<p>Nancy Cardoso, representante do Centro de Estudos B\u00edblicos Nacional (CEBI NAC), falou sobre o uso e abuso do feminino nos imagin\u00e1rios agr\u00edcolas e ecol\u00f3gicos ao analisar a campanha publicit\u00e1ria de uma grande marca de sucos.<\/p>\n<p>&#8220;Cinco empresas brasileiras vivem uma cruzada global para mudar os h\u00e1bitos de consumo da popula\u00e7\u00e3o, do suco de laranja natural para o suco de caixinha&#8221;, falou Nancy. Para ela, cada vez mais, haver\u00e1 mecanismos que ligam produtos, vendidos como naturais, \u00e0 imagem da mulher e do simbolismo do feminino.<\/p>\n<p>Segundo Nancy, as mulheres s\u00e3o as principais organizadoras do padr\u00e3o de consumo no mundo. &#8220;Por isso, \u00e9 necess\u00e1rio pensar o consumo considerando o peso das mulheres como foco fundamental deste processo&#8221;, garante.<\/p>\n<p>J\u00e1 a assessora da Comiss\u00e3o de Sa\u00fade e Meio Ambiente da Assembleia Legislativa do RS, C\u00edntia Barem, relatou as a\u00e7\u00f5es e atividades da Comiss\u00e3o e do Parlamento nesse \u00e2mbito.<\/p>\n<p>Um dos projetos sancionados recentemente pelo governo do Estado disp\u00f5e sobre a alimenta\u00e7\u00e3o saud\u00e1vel nas escolas e espa\u00e7os p\u00fablicos e prev\u00ea que 30% dos alimentos sejam comprados da agricultura familiar. &#8220;Precisamos mudar o padr\u00e3o de consumo, que hoje \u00e9 muito instant\u00e2neo, principalmente na nossa alimenta\u00e7\u00e3o&#8221;, acredita.<\/p>\n<p>C\u00edntia acredita que a sociedade est\u00e1 postergando o essencial em nome da urg\u00eancia. &#8220;Acabamos n\u00e3o debatendo o principal, o conceito, vamos criando e implantando a\u00e7\u00f5es sem pensar&#8221;.<\/p>\n<p>Por fim, ela fez uma cr\u00edtica \u00e0 chamada &#8220;economia verde&#8221;, que classificou como um termo desconexo. &#8220;O capitalismo n\u00e3o permite esse debate, apenas quer pintar de verde as a\u00e7\u00f5es que acontecem para manter o mesmo sistema&#8221;, afirmou.<\/p>\n<p>O \u00faltimo debatedor foi o representante do IDHES, Mauri Cruz, que defendeu que \u00e9 necess\u00e1rio o cidad\u00e3o entender que ser consumidor \u00e9 ser um ator pol\u00edtico. &#8220;\u00c9 urgente a discuss\u00e3o sobre o consumo consciente porque n\u00e3o temos novos paradigmas. Acumulamos 30 anos de cr\u00edticas ao sistema, agora temos que colocar em pr\u00e1tica&#8221;, afirmou Mauri.<\/p>\n<p>Ele explicou tamb\u00e9m o tipo de igualdade que o F\u00f3rum da Igualdade busca. &#8220;Enquanto seres humanos, somos todos iguais, por\u00e9m quem tem dinheiro manda em quem n\u00e3o tem e \u00e9 essa l\u00f3gica que temos que combater porque nunca seremos livres neste sistema&#8221;.<\/p>\n<p>Para Mauri, o capitalismo gera d\u00e9ficit para as classes populares, de fome, habitacional, educacional, de trabalho, entre outros. &#8220;O problema \u00e9 que estamos resolvemos isso com o mesmo modelo, n\u00e3o estamos mudando o paradigma. Corremos o risco de estarmos na mesma l\u00f3gica que tanto criticamos e n\u00e3o percebemos enquanto consumidores o poder que isso tem pode ser um come\u00e7o para a mudan\u00e7a que almejamos&#8221;, finalizou.<\/p>\n<p>Ap\u00f3s o debate, a cantora paraense Raquel Le\u00e3o realizou o show de encerramento do II F\u00f3rum da Igualdade.<\/td>\n<\/tr>\n<tr>\n<td><\/td>\n<\/tr>\n<tr>\n<td>Fonte: CUT-RS<\/td>\n<\/tr>\n<\/tbody>\n<\/table>\n","protected":false},"excerpt":{"rendered":"<p>A busca de um novo modelo de desenvolvimento social e econ\u00f4mico pautou os dois dias do II F\u00f3rum da Igualdade, encerrado na ter\u00e7a-feira (17), em Porto Alegre. O evento foi realizado pelo segundo ano consecutivo em contraponto ao F\u00f3rum da Liberdade, promovido no mesmo per\u00edodo pelas entidades empresariais na capital ga\u00facha. O painel &#8220;Paradigma do [&hellip;]<\/p>\n","protected":false},"author":1,"featured_media":0,"comment_status":"open","ping_status":"open","sticky":false,"template":"","format":"standard","meta":{"ngg_post_thumbnail":0,"footnotes":""},"categories":[4],"tags":[],"class_list":["post-7735","post","type-post","status-publish","format-standard","hentry","category-noticias"],"_links":{"self":[{"href":"https:\/\/www.sindvalores.com.br\/site\/wp-json\/wp\/v2\/posts\/7735","targetHints":{"allow":["GET"]}}],"collection":[{"href":"https:\/\/www.sindvalores.com.br\/site\/wp-json\/wp\/v2\/posts"}],"about":[{"href":"https:\/\/www.sindvalores.com.br\/site\/wp-json\/wp\/v2\/types\/post"}],"author":[{"embeddable":true,"href":"https:\/\/www.sindvalores.com.br\/site\/wp-json\/wp\/v2\/users\/1"}],"replies":[{"embeddable":true,"href":"https:\/\/www.sindvalores.com.br\/site\/wp-json\/wp\/v2\/comments?post=7735"}],"version-history":[{"count":1,"href":"https:\/\/www.sindvalores.com.br\/site\/wp-json\/wp\/v2\/posts\/7735\/revisions"}],"predecessor-version":[{"id":7736,"href":"https:\/\/www.sindvalores.com.br\/site\/wp-json\/wp\/v2\/posts\/7735\/revisions\/7736"}],"wp:attachment":[{"href":"https:\/\/www.sindvalores.com.br\/site\/wp-json\/wp\/v2\/media?parent=7735"}],"wp:term":[{"taxonomy":"category","embeddable":true,"href":"https:\/\/www.sindvalores.com.br\/site\/wp-json\/wp\/v2\/categories?post=7735"},{"taxonomy":"post_tag","embeddable":true,"href":"https:\/\/www.sindvalores.com.br\/site\/wp-json\/wp\/v2\/tags?post=7735"}],"curies":[{"name":"wp","href":"https:\/\/api.w.org\/{rel}","templated":true}]}}