{"id":7737,"date":"2015-02-17T21:39:03","date_gmt":"2015-02-17T21:39:03","guid":{"rendered":"http:\/\/sindvalores.com.br\/site\/?p=7737"},"modified":"2015-02-17T21:39:03","modified_gmt":"2015-02-17T21:39:03","slug":"descaso-com-seguranca-causa-assalto-ao-itau-do-jardim-america-no-rio","status":"publish","type":"post","link":"https:\/\/www.sindvalores.com.br\/site\/institucional\/noticias\/descaso-com-seguranca-causa-assalto-ao-itau-do-jardim-america-no-rio","title":{"rendered":"Descaso com seguran\u00e7a causa assalto ao Ita\u00fa do Jardim Am\u00e9rica no Rio"},"content":{"rendered":"<table border=\"0\" width=\"100%\">\n<tbody>\n<tr>\n<td>Oito bandidos encapuzados assaltaram na \u00faltima segunda-feira, dia 16, por volta das 18 horas, a ag\u00eancia do Ita\u00fa no Jardim Am\u00e9rica, no Rio de Janeiro. Os ladr\u00f5es roubaram dinheiro de clientes que estavam no setor de autoatendimento e usaram uma marreta para quebrar o vidro para entrar na ag\u00eancia.<\/p>\n<p>Com a for\u00e7a da a\u00e7\u00e3o, a marreta foi parar na mesa do gerente-geral. Tr\u00eas bandidos renderam os dois vigilantes e seguraram o gerente, levando-o at\u00e9 a tesouraria, onde a gerente-operacional (GO) contava o dinheiro que seria entregue ao carro-forte.<\/p>\n<p>Uma funcion\u00e1ria e diretora do Sindicato, que trabalha h\u00e1 20 anos na unidade (desde os tempos do antigo banco Nacional) e j\u00e1 presenciou 12 assaltos, relata o drama vivido por ela e pelos demais banc\u00e1rios.<\/p>\n<p>&#8220;Foi uma experi\u00eancia horr\u00edvel, muito traum\u00e1tica. Quatro caixas correram para se esconder na sala de seguran\u00e7a, protegida por porta blindada, onde a ag\u00eancia \u00e9 monitorada por c\u00e2meras. Assim que eles entraram, eu deitei no ch\u00e3o para me proteger e acabei levando um pis\u00e3o nas costas de um dos bandidos&#8221;, disse ainda muito abalada.<\/p>\n<p>A a\u00e7\u00e3o n\u00e3o durou mais do que cinco minutos. Foi o bastante para causar p\u00e2nico e trauma nos banc\u00e1rios.<\/p>\n<p>Den\u00fancias feitas no ano passado<\/p>\n<p>Ela lembra que desde o ano passado vem denunciando a falta de seguran\u00e7a na unidade, mas a dire\u00e7\u00e3o do banco que bate recordes de lucros n\u00e3o tomou provid\u00eancias. Segundo ela, at\u00e9 as c\u00e2meras de monitoramento s\u00f3 foram colocadas bem depois das obras na ag\u00eancia e mesmo assim gra\u00e7as \u00e0 press\u00e3o do Sindicato.<\/p>\n<p>Os clientes tamb\u00e9m reclamam e denunciam que s\u00e3o comuns as &#8220;saidinhas de banco&#8221; e n\u00e3o h\u00e1 policiamento nas imedia\u00e7\u00f5es. O banco, al\u00e9m de n\u00e3o se preocupar com a seguran\u00e7a dos banc\u00e1rios e clientes, ainda pressiona os funcion\u00e1rios da ag\u00eancia assaltada.<\/p>\n<p>&#8220;Eu estava reunida com os colegas durante a consulta com um psic\u00f3logo. Debat\u00edamos a necessidade de uma provid\u00eancia urgente para a prote\u00e7\u00e3o dos banc\u00e1rios e clientes. A dire\u00e7\u00e3o do banco me assediou e pressionou, me acusando de %%estar incitando os funcion\u00e1rios contra a empresa%%, o que n\u00e3o \u00e9 verdade&#8221;, denuncia.<\/p>\n<p>&#8220;\u00c9 um direito leg\u00edtimo do trabalhador exigir condi\u00e7\u00f5es de seguran\u00e7a e de trabalho. De v\u00edtima de um assalto, o banco quer me tornar r\u00e9u somente porque estou lutando pelos direitos da categoria&#8221;, acrescenta.<\/p>\n<p>Ela destaca ainda que, nesses casos, \u00e9 pr\u00e1tica comum dos bancos querer responsabilizar os banc\u00e1rios e muitos acabam sofrendo persegui\u00e7\u00e3o, ass\u00e9dio moral e at\u00e9 s\u00e3o demitidos.<\/p>\n<p>Ag\u00eancia lotada<\/p>\n<p>A dirigente sindical cobra ainda a contrata\u00e7\u00e3o de mais funcion\u00e1rios na unidade. &#8220;A ag\u00eancia vive lotada e, em vez de contratar mais caixas, o banco pressiona os banc\u00e1rios exigindo agilidade no atendimento, o que \u00e9 imposs\u00edvel, pois o n\u00famero de empregados \u00e9 insuficiente para atender a tanta gente. E o pior \u00e9 que empresa alega falta de verbas para contratar mais caixas, o que \u00e9 um absurdo&#8221;, critica.<\/td>\n<\/tr>\n<tr>\n<td><\/td>\n<\/tr>\n<tr>\n<td>Fonte: Contraf-CUT com Seeb Rio<\/td>\n<\/tr>\n<\/tbody>\n<\/table>\n","protected":false},"excerpt":{"rendered":"<p>Oito bandidos encapuzados assaltaram na \u00faltima segunda-feira, dia 16, por volta das 18 horas, a ag\u00eancia do Ita\u00fa no Jardim Am\u00e9rica, no Rio de Janeiro. Os ladr\u00f5es roubaram dinheiro de clientes que estavam no setor de autoatendimento e usaram uma marreta para quebrar o vidro para entrar na ag\u00eancia. Com a for\u00e7a da a\u00e7\u00e3o, a [&hellip;]<\/p>\n","protected":false},"author":1,"featured_media":0,"comment_status":"open","ping_status":"open","sticky":false,"template":"","format":"standard","meta":{"ngg_post_thumbnail":0,"footnotes":""},"categories":[4],"tags":[],"class_list":["post-7737","post","type-post","status-publish","format-standard","hentry","category-noticias"],"_links":{"self":[{"href":"https:\/\/www.sindvalores.com.br\/site\/wp-json\/wp\/v2\/posts\/7737","targetHints":{"allow":["GET"]}}],"collection":[{"href":"https:\/\/www.sindvalores.com.br\/site\/wp-json\/wp\/v2\/posts"}],"about":[{"href":"https:\/\/www.sindvalores.com.br\/site\/wp-json\/wp\/v2\/types\/post"}],"author":[{"embeddable":true,"href":"https:\/\/www.sindvalores.com.br\/site\/wp-json\/wp\/v2\/users\/1"}],"replies":[{"embeddable":true,"href":"https:\/\/www.sindvalores.com.br\/site\/wp-json\/wp\/v2\/comments?post=7737"}],"version-history":[{"count":1,"href":"https:\/\/www.sindvalores.com.br\/site\/wp-json\/wp\/v2\/posts\/7737\/revisions"}],"predecessor-version":[{"id":7738,"href":"https:\/\/www.sindvalores.com.br\/site\/wp-json\/wp\/v2\/posts\/7737\/revisions\/7738"}],"wp:attachment":[{"href":"https:\/\/www.sindvalores.com.br\/site\/wp-json\/wp\/v2\/media?parent=7737"}],"wp:term":[{"taxonomy":"category","embeddable":true,"href":"https:\/\/www.sindvalores.com.br\/site\/wp-json\/wp\/v2\/categories?post=7737"},{"taxonomy":"post_tag","embeddable":true,"href":"https:\/\/www.sindvalores.com.br\/site\/wp-json\/wp\/v2\/tags?post=7737"}],"curies":[{"name":"wp","href":"https:\/\/api.w.org\/{rel}","templated":true}]}}