{"id":7749,"date":"2015-02-17T21:44:45","date_gmt":"2015-02-17T21:44:45","guid":{"rendered":"http:\/\/sindvalores.com.br\/site\/?p=7749"},"modified":"2015-02-17T21:44:45","modified_gmt":"2015-02-17T21:44:45","slug":"nota-de-repudio-ao-grupo-confederalcorpvs-2","status":"publish","type":"post","link":"https:\/\/www.sindvalores.com.br\/site\/institucional\/noticias\/nota-de-repudio-ao-grupo-confederalcorpvs-2","title":{"rendered":"Nota de Rep\u00fadio ao Grupo Confederal\/CORPVS"},"content":{"rendered":"<table border=\"0\" width=\"100%\">\n<tbody>\n<tr>\n<td>Durante reuni\u00e3o convocada pela CNTV com Sindicatos de Transporte de Valores para discutir assuntos da atividade, dia 19\/04, os dirigentes definiram pela elabora\u00e7\u00e3o e publica\u00e7\u00e3o de uma nota de rep\u00fadio ao Grupo Confederal\/CORPVS pelas raz\u00f5es expostas a seguir:<\/p>\n<p>O Grupo Confederal\/Corprvs vem perseguindo dirigentes sindicais e membros das Comiss\u00f5es Internas de Preven\u00e7\u00e3o de Acidentes (Cipeiros), usando de pr\u00e1ticas antisindicais para induzir o trabalhador a n\u00e3o se filiar ao sindicato laboral ou ainda se desfiliar em claro atentado contra a liberdade de organiza\u00e7\u00e3o da classe trabalhadora prevista na Constitui\u00e7\u00e3o do Brasil.<\/p>\n<p>O Grupo Confederal\/Corpvs \u00e9 de propriedade do Senador Eun\u00edcio Lopes de Oliveira (que est\u00e1 licenciado da dire\u00e7\u00e3o da Empresa) que para o p\u00fablico externo faz um discurso pelo social, mas nas empresas dele as persegui\u00e7\u00f5es contra lideran\u00e7as sindicais e trabalhadores s\u00e3o pr\u00e1ticas recorrentes.<br \/>\nA CNTV est\u00e1 formulando den\u00fancia ao Minist\u00e9rio P\u00fablico e aos \u00f3rg\u00e3os competentes contra o Grupo Confederal\/Corpvs solicitando ainda provid\u00eancias para o cessamento imediato das pr\u00e1ticas antisindicais promovidas pelo referido grupo.<\/p>\n<p>Jos\u00e9 Boabentura Santos<br \/>\nPresidente da CNTV<br \/>\nCarlos Jos\u00e9 das Neves<br \/>\nSecret\u00e1rio de Assuntos de Transporte de Valores da CNTV<\/td>\n<\/tr>\n<tr>\n<td><\/td>\n<\/tr>\n<tr>\n<td>Fonte: CNTV<\/td>\n<\/tr>\n<\/tbody>\n<\/table>\n","protected":false},"excerpt":{"rendered":"<p>Durante reuni\u00e3o convocada pela CNTV com Sindicatos de Transporte de Valores para discutir assuntos da atividade, dia 19\/04, os dirigentes definiram pela elabora\u00e7\u00e3o e publica\u00e7\u00e3o de uma nota de rep\u00fadio ao Grupo Confederal\/CORPVS pelas raz\u00f5es expostas a seguir: O Grupo Confederal\/Corprvs vem perseguindo dirigentes sindicais e membros das Comiss\u00f5es Internas de Preven\u00e7\u00e3o de Acidentes (Cipeiros), [&hellip;]<\/p>\n","protected":false},"author":1,"featured_media":0,"comment_status":"open","ping_status":"open","sticky":false,"template":"","format":"standard","meta":{"ngg_post_thumbnail":0,"footnotes":""},"categories":[4],"tags":[],"class_list":["post-7749","post","type-post","status-publish","format-standard","hentry","category-noticias"],"_links":{"self":[{"href":"https:\/\/www.sindvalores.com.br\/site\/wp-json\/wp\/v2\/posts\/7749","targetHints":{"allow":["GET"]}}],"collection":[{"href":"https:\/\/www.sindvalores.com.br\/site\/wp-json\/wp\/v2\/posts"}],"about":[{"href":"https:\/\/www.sindvalores.com.br\/site\/wp-json\/wp\/v2\/types\/post"}],"author":[{"embeddable":true,"href":"https:\/\/www.sindvalores.com.br\/site\/wp-json\/wp\/v2\/users\/1"}],"replies":[{"embeddable":true,"href":"https:\/\/www.sindvalores.com.br\/site\/wp-json\/wp\/v2\/comments?post=7749"}],"version-history":[{"count":1,"href":"https:\/\/www.sindvalores.com.br\/site\/wp-json\/wp\/v2\/posts\/7749\/revisions"}],"predecessor-version":[{"id":7750,"href":"https:\/\/www.sindvalores.com.br\/site\/wp-json\/wp\/v2\/posts\/7749\/revisions\/7750"}],"wp:attachment":[{"href":"https:\/\/www.sindvalores.com.br\/site\/wp-json\/wp\/v2\/media?parent=7749"}],"wp:term":[{"taxonomy":"category","embeddable":true,"href":"https:\/\/www.sindvalores.com.br\/site\/wp-json\/wp\/v2\/categories?post=7749"},{"taxonomy":"post_tag","embeddable":true,"href":"https:\/\/www.sindvalores.com.br\/site\/wp-json\/wp\/v2\/tags?post=7749"}],"curies":[{"name":"wp","href":"https:\/\/api.w.org\/{rel}","templated":true}]}}