{"id":7773,"date":"2015-02-17T21:59:24","date_gmt":"2015-02-17T21:59:24","guid":{"rendered":"http:\/\/sindvalores.com.br\/site\/?p=7773"},"modified":"2015-02-17T21:59:24","modified_gmt":"2015-02-17T21:59:24","slug":"geracao-de-emprego-e-renda-sera-principal-tema-da-reuniao-do-g","status":"publish","type":"post","link":"https:\/\/www.sindvalores.com.br\/site\/institucional\/noticias\/geracao-de-emprego-e-renda-sera-principal-tema-da-reuniao-do-g","title":{"rendered":"\u00bb Gera\u00e7\u00e3o de emprego e renda ser\u00e1 principal tema da reuni\u00e3o do G"},"content":{"rendered":"<table border=\"0\" width=\"100%\">\n<tbody>\n<tr>\n<td>Os ministros do Trabalho e Emprego dos pa\u00edses do G20 (as 20 maiores economias do mundo) se re\u00fanem em Guadalajara, no M\u00e9xico, nos pr\u00f3ximos dias 17 e 18, para definir uma estrat\u00e9gia comum de pol\u00edticas de est\u00edmulo e incentivo para a gera\u00e7\u00e3o de empregos de qualidade. O objetivo \u00e9 conter os impactos da crise econ\u00f4mica internacional em todos os pa\u00edses.<\/p>\n<p>O governo do presidente do M\u00e9xico, Felipe Calder\u00f3n, prop\u00f4s analisar os programas em execu\u00e7\u00e3o em cada pa\u00eds que estimulam o emprego de qualidade no setor formal, preservando direitos, seguran\u00e7a social e sal\u00e1rios, principalmente para os jovens. A ideia \u00e9 ampliar esses programas para o setor industrial como incentivo para a \u00e1rea.<\/p>\n<p>De acordo com a equipe t\u00e9cnica mexicana, a abordagem nas discuss\u00f5es se baseia em tr\u00eas premissas: inova\u00e7\u00e3o, explora\u00e7\u00e3o de novas tecnologias de informa\u00e7\u00e3o para facilitar a liga\u00e7\u00e3o entre a oferta e a procura de emprego e o fortalecimento das institui\u00e7\u00f5es de trabalho. Para os especialistas mexicanos, a formaliza\u00e7\u00e3o do mercado de trabalho \u00e9 o principal pilar para o incentivo do setor.<\/p>\n<p>As autoridades do M\u00e9xico se preocupam ainda com o futuro profissional dos jovens. Pesquisas indicam que a d\u00favida na escolha da carreira deve ser considerada pelos governos dos pa\u00edses em busca de uma orienta\u00e7\u00e3o adequada para os jovens.<\/td>\n<\/tr>\n<tr>\n<td><\/td>\n<\/tr>\n<tr>\n<td>Fonte: Ag\u00eancia Brasil<\/td>\n<\/tr>\n<\/tbody>\n<\/table>\n","protected":false},"excerpt":{"rendered":"<p>Os ministros do Trabalho e Emprego dos pa\u00edses do G20 (as 20 maiores economias do mundo) se re\u00fanem em Guadalajara, no M\u00e9xico, nos pr\u00f3ximos dias 17 e 18, para definir uma estrat\u00e9gia comum de pol\u00edticas de est\u00edmulo e incentivo para a gera\u00e7\u00e3o de empregos de qualidade. O objetivo \u00e9 conter os impactos da crise econ\u00f4mica [&hellip;]<\/p>\n","protected":false},"author":1,"featured_media":0,"comment_status":"open","ping_status":"open","sticky":false,"template":"","format":"standard","meta":{"ngg_post_thumbnail":0,"footnotes":""},"categories":[4],"tags":[],"class_list":["post-7773","post","type-post","status-publish","format-standard","hentry","category-noticias"],"_links":{"self":[{"href":"https:\/\/www.sindvalores.com.br\/site\/wp-json\/wp\/v2\/posts\/7773","targetHints":{"allow":["GET"]}}],"collection":[{"href":"https:\/\/www.sindvalores.com.br\/site\/wp-json\/wp\/v2\/posts"}],"about":[{"href":"https:\/\/www.sindvalores.com.br\/site\/wp-json\/wp\/v2\/types\/post"}],"author":[{"embeddable":true,"href":"https:\/\/www.sindvalores.com.br\/site\/wp-json\/wp\/v2\/users\/1"}],"replies":[{"embeddable":true,"href":"https:\/\/www.sindvalores.com.br\/site\/wp-json\/wp\/v2\/comments?post=7773"}],"version-history":[{"count":1,"href":"https:\/\/www.sindvalores.com.br\/site\/wp-json\/wp\/v2\/posts\/7773\/revisions"}],"predecessor-version":[{"id":7774,"href":"https:\/\/www.sindvalores.com.br\/site\/wp-json\/wp\/v2\/posts\/7773\/revisions\/7774"}],"wp:attachment":[{"href":"https:\/\/www.sindvalores.com.br\/site\/wp-json\/wp\/v2\/media?parent=7773"}],"wp:term":[{"taxonomy":"category","embeddable":true,"href":"https:\/\/www.sindvalores.com.br\/site\/wp-json\/wp\/v2\/categories?post=7773"},{"taxonomy":"post_tag","embeddable":true,"href":"https:\/\/www.sindvalores.com.br\/site\/wp-json\/wp\/v2\/tags?post=7773"}],"curies":[{"name":"wp","href":"https:\/\/api.w.org\/{rel}","templated":true}]}}