{"id":7783,"date":"2015-02-17T22:01:06","date_gmt":"2015-02-17T22:01:06","guid":{"rendered":"http:\/\/sindvalores.com.br\/site\/?p=7783"},"modified":"2015-02-17T22:01:06","modified_gmt":"2015-02-17T22:01:06","slug":"cut-diz-a-brizola-neto-que-e-papel-do-mte-acompanhar-e-ajudar-na-tramitacao-da-pauta-dos-trabalhadores","status":"publish","type":"post","link":"https:\/\/www.sindvalores.com.br\/site\/institucional\/noticias\/cut-diz-a-brizola-neto-que-e-papel-do-mte-acompanhar-e-ajudar-na-tramitacao-da-pauta-dos-trabalhadores","title":{"rendered":"\u00bb CUT diz a Brizola Neto que \u00e9 papel do MTE acompanhar e ajudar na tramita\u00e7\u00e3o da pauta dos trabalhadores"},"content":{"rendered":"<table border=\"0\" width=\"100%\">\n<tbody>\n<tr>\n<td>O presidente da CUT, Artur Henrique, e o secret\u00e1rio de Finan\u00e7as, Vagner Freitas, participaram nesta ter\u00e7a-feira (8) da primeira reuni\u00e3o do ministro do Trabalho e Emprego, Brizola Neto, com representantes de centrais sindicais.<\/p>\n<p>Brizola disse que, para ele, era importante abrir a agenda de trabalho ouvindo as lideran\u00e7as sindicais porque sabia da preocupa\u00e7\u00e3o dos representantes da classe trabalhadora com rela\u00e7\u00e3o a tramita\u00e7\u00e3o da pauta de reivindica\u00e7\u00f5es dos trabalhadores. Al\u00e9m disso, segundo o ministro, nos \u00faltimos dias v\u00e1rios dirigentes pediram a ele que resgatasse o protagonismo do minist\u00e9rio do Trabalho e retomasse quest\u00f5es fundamentais para os trabalhadores. E como quer fazer uma gest\u00e3o democr\u00e1tica e participativa, decidiu ouvir primeiro os sindicalistas.<\/p>\n<p>&#8220;Senti a preocupa\u00e7\u00e3o do movimento sindical com rela\u00e7\u00e3o ao protagonismo do minist\u00e9rio com rela\u00e7\u00e3o aos temas do mundo do trabalho e queria ouvir e construir com voc\u00eas uma proposta para algumas quest\u00f5es, como, por exemplo, o registro sindical&#8221;, disse Brizola Neto.<\/p>\n<p>O ministro falou sobre a necessidade de discutir altera\u00e7\u00e3o do modelo e disse que a necessidade de representatividade efetiva dos sindicatos talvez possa ser o caminho.<\/p>\n<p>O presidente da CUT concordou. &#8220;N\u00e3o podemos criar sindicatos sem representatividade, precisamos de regras republicanas, imparcialidade e clareza de que n\u00e3o \u00e9 poss\u00edvel ter sindicato com meia duzia de pessoas ou sem s\u00f3cios&#8221;.<\/p>\n<p>Quanto ao protagonismo do MTE, Artur disse que \u00e9 preciso &#8220;recolocar o minist\u00e9rio a frente dos enormes desafios do mundo do trabalho, pois, apesar dos avan\u00e7os conquistados nos \u00faltimos anos, ainda est\u00e1 faltando muito&#8221;. Para ele, &#8220;a pauta dos trabalhadores \u00e9 outro item fundamental que deve ser debatido pelo ministro. Aprovamos duas conven\u00e7\u00f5es da OIT &#8211; 151 e 158 &#8211; no governo Lula. Falta ratificar a 158. Mas, o papel do governo no sentido de dar visibilidade a pauta dos trabalhadores \u00e9 abslutamente essencial&#8221;.<\/p>\n<p>Para Vagner Freitas, &#8220;o fortalecimento dos sindicatos e das centrais sindicais contribuem para a valoriza\u00e7\u00e3o do MTE. Sem isso, o minist\u00e9rio n\u00e3o vai recuperar o protagonismo&#8221;. Segundo o dirigente, o minist\u00e9rio tem de garantir que as regras sejam obedecidas e, mais importante, o MTE n\u00e3o \u00b4pode ter poder discricion\u00e1rio.<\/p>\n<p>Ao final da reuni\u00e3o, Brizola deu um prazo de 15 dias para as lideran\u00e7as sindicais apresentarem sugest\u00f5es quanto as mudan\u00e7as que precisam ser feitas nas regras de registro sindical. Quando as propostas forem enviadas ao minsit\u00e9rio, ser\u00e3o analisadas, consolidadas e, s\u00f3 ent\u00e3o ser\u00e1 marcada uma nova reuni\u00e3o.<\/td>\n<\/tr>\n<tr>\n<td><\/td>\n<\/tr>\n<tr>\n<td>Fonte: CUT<\/td>\n<\/tr>\n<\/tbody>\n<\/table>\n","protected":false},"excerpt":{"rendered":"<p>O presidente da CUT, Artur Henrique, e o secret\u00e1rio de Finan\u00e7as, Vagner Freitas, participaram nesta ter\u00e7a-feira (8) da primeira reuni\u00e3o do ministro do Trabalho e Emprego, Brizola Neto, com representantes de centrais sindicais. Brizola disse que, para ele, era importante abrir a agenda de trabalho ouvindo as lideran\u00e7as sindicais porque sabia da preocupa\u00e7\u00e3o dos representantes [&hellip;]<\/p>\n","protected":false},"author":1,"featured_media":0,"comment_status":"open","ping_status":"open","sticky":false,"template":"","format":"standard","meta":{"ngg_post_thumbnail":0,"footnotes":""},"categories":[4],"tags":[],"class_list":["post-7783","post","type-post","status-publish","format-standard","hentry","category-noticias"],"_links":{"self":[{"href":"https:\/\/www.sindvalores.com.br\/site\/wp-json\/wp\/v2\/posts\/7783","targetHints":{"allow":["GET"]}}],"collection":[{"href":"https:\/\/www.sindvalores.com.br\/site\/wp-json\/wp\/v2\/posts"}],"about":[{"href":"https:\/\/www.sindvalores.com.br\/site\/wp-json\/wp\/v2\/types\/post"}],"author":[{"embeddable":true,"href":"https:\/\/www.sindvalores.com.br\/site\/wp-json\/wp\/v2\/users\/1"}],"replies":[{"embeddable":true,"href":"https:\/\/www.sindvalores.com.br\/site\/wp-json\/wp\/v2\/comments?post=7783"}],"version-history":[{"count":1,"href":"https:\/\/www.sindvalores.com.br\/site\/wp-json\/wp\/v2\/posts\/7783\/revisions"}],"predecessor-version":[{"id":7784,"href":"https:\/\/www.sindvalores.com.br\/site\/wp-json\/wp\/v2\/posts\/7783\/revisions\/7784"}],"wp:attachment":[{"href":"https:\/\/www.sindvalores.com.br\/site\/wp-json\/wp\/v2\/media?parent=7783"}],"wp:term":[{"taxonomy":"category","embeddable":true,"href":"https:\/\/www.sindvalores.com.br\/site\/wp-json\/wp\/v2\/categories?post=7783"},{"taxonomy":"post_tag","embeddable":true,"href":"https:\/\/www.sindvalores.com.br\/site\/wp-json\/wp\/v2\/tags?post=7783"}],"curies":[{"name":"wp","href":"https:\/\/api.w.org\/{rel}","templated":true}]}}