{"id":7789,"date":"2015-02-17T22:02:15","date_gmt":"2015-02-17T22:02:15","guid":{"rendered":"http:\/\/sindvalores.com.br\/site\/?p=7789"},"modified":"2015-02-17T22:02:15","modified_gmt":"2015-02-17T22:02:15","slug":"protesto-por-seguranca-hoje-no-hospital-portugues","status":"publish","type":"post","link":"https:\/\/www.sindvalores.com.br\/site\/institucional\/noticias\/protesto-por-seguranca-hoje-no-hospital-portugues","title":{"rendered":"\u00bb Protesto por seguran\u00e7a hoje no Hospital Portugu\u00eas"},"content":{"rendered":"<table border=\"0\" width=\"100%\">\n<tbody>\n<tr>\n<td>A falta de seguran\u00e7a, que culminou com a morte do vigilante Maur\u00edcio Lopes da Silva, de 35 anos, motiva um protesto esta manh\u00e3 no Real Hospital Portugu\u00eas, na Ilha do Leite. O seguran\u00e7a morreu no final do m\u00eas de abril depois de ser baleado numa troca de tiros travada com assaltantes que invadiram a ag\u00eancia do Banco Ita\u00fa instalada na unidade de sa\u00fade.<\/p>\n<p>A manifesta\u00e7\u00e3o, que acontece na cal\u00e7ada da unidade de sa\u00fade, \u00e9 realizada pelo Sindicato dos Vigilantes de Pernambuco. Com faixas, eles v\u00e3o ao centro da Avenida Agamenon Magalh\u00e3es durante o fechamento do sem\u00e1foro de tr\u00e2nsito, para chamar a aten\u00e7\u00e3o da popula\u00e7\u00e3o sem interferir no tr\u00e1fego.<\/p>\n<p>Familiares do seguran\u00e7a participam do protesto. Maur\u00edcio, que trabalhava h\u00e1 quase 11 anos como vigilante e h\u00e1 apenas cinco meses no local, foi atingido por tr\u00eas tiros. Dois foram retidos pelo colete \u00e0 prova de bala, mas um atingiu as costas dele, pouco abaixo do pesco\u00e7o, perfurando o cora\u00e7\u00e3o e todos os \u00f3rg\u00e3os vitais. Maur\u00edcio chegou a ser encaminhado ao centro cir\u00fargico, mas n\u00e3o resistiu.<\/p>\n<p>Pelo menos cinco homens participaram da a\u00e7\u00e3o que levou p\u00e2nico aos pacientes e funcion\u00e1rios do local. Por volta das 11 h, dois homens invadiram a ag\u00eancia e renderam um dos vigilantes, enquanto outros tr\u00eas davam cobertura. Maur\u00edcio tentou impedir o assalto, mas foi surpreendido pelos tiros. No tiroteio, tr\u00eas pessoas ficaram feridas. A recepcionista Evandra de Assis Cabral Silva foi atingida por dois tiros na perna esquerda e n\u00e3o corre risco de morte. O maqueiro Jos\u00e9 Ailton Barbosa de G\u00f3is levou um tiro no p\u00e9 e recebeu alta ontem \u00e0 noite. Um homem, de identidade n\u00e3o revelada, foi baleado no bra\u00e7o esquerdo, abd\u00f4men e t\u00f3rax. Ele passou por cirurgia e segue em estado grave na Unidade de Terapia Intensiva (UTI). Ele seria um dos cinco suspeitos envolvidos no assalto. A pol\u00edcia encontrou amostras de chumbo nas m\u00e3os dele.<br \/>\nSegundo Jo\u00e3o Rufino, representante do Sindicato dos Banc\u00e1rios, o fato de o banco n\u00e3o ter portas de vidro blindadas facilitou a a\u00e7\u00e3o dos bandidos. A pol\u00edcia acredita que os suspeitos sabiam que um carro-forte iria abastecer, minutos antes, todos os caixas. Era dia de pagamento. Eles tamb\u00e9m estavam cientes da facilidade que encontrariam para entrar no hospital e roubar os malotes de dinheiro. As portas de entrada do Ita\u00fa n\u00e3o s\u00e3o blindadas, o que fere as leis municipais vigentes h\u00e1 mais de um ano.<br \/>\nNo dia 29 de julho do ano passado, a mesma ag\u00eancia foi palco de um assalto desastrado e ousado. Na ocasi\u00e3o, o diretor do Sindicato dos vigilantes de Pernambuco, Sindesv, Luiz Carlos Barbosa, denunciou que a ag\u00eancia apresentava v\u00e1rios problemas de seguran\u00e7a que comprometeram a a\u00e7\u00e3o defensiva dos vigilantes, da empresa Nordeste Seguran\u00e7a. A ag\u00eancia, que se encontrava em reforma, n\u00e3o contava com c\u00e2meras de seguran\u00e7a em nenhuma \u00e1rea de seu interior. Al\u00e9m disso, os vigilantes eram dispostos muito pr\u00f3ximos, sem nenhuma forma de defesa, a exemplo do escudo protetor, considerado recurso b\u00e1sico desde que foram intensificadas as investidas criminosas contra os bancos.<\/p>\n<p>Com informa\u00e7\u00f5es do rep\u00f3rter Raphael Guerra<\/td>\n<\/tr>\n<tr>\n<td><\/td>\n<\/tr>\n<tr>\n<td>Fonte: Di\u00e1rio de Pernambuco<\/td>\n<\/tr>\n<\/tbody>\n<\/table>\n","protected":false},"excerpt":{"rendered":"<p>A falta de seguran\u00e7a, que culminou com a morte do vigilante Maur\u00edcio Lopes da Silva, de 35 anos, motiva um protesto esta manh\u00e3 no Real Hospital Portugu\u00eas, na Ilha do Leite. O seguran\u00e7a morreu no final do m\u00eas de abril depois de ser baleado numa troca de tiros travada com assaltantes que invadiram a ag\u00eancia [&hellip;]<\/p>\n","protected":false},"author":1,"featured_media":0,"comment_status":"open","ping_status":"open","sticky":false,"template":"","format":"standard","meta":{"ngg_post_thumbnail":0,"footnotes":""},"categories":[4],"tags":[],"class_list":["post-7789","post","type-post","status-publish","format-standard","hentry","category-noticias"],"_links":{"self":[{"href":"https:\/\/www.sindvalores.com.br\/site\/wp-json\/wp\/v2\/posts\/7789","targetHints":{"allow":["GET"]}}],"collection":[{"href":"https:\/\/www.sindvalores.com.br\/site\/wp-json\/wp\/v2\/posts"}],"about":[{"href":"https:\/\/www.sindvalores.com.br\/site\/wp-json\/wp\/v2\/types\/post"}],"author":[{"embeddable":true,"href":"https:\/\/www.sindvalores.com.br\/site\/wp-json\/wp\/v2\/users\/1"}],"replies":[{"embeddable":true,"href":"https:\/\/www.sindvalores.com.br\/site\/wp-json\/wp\/v2\/comments?post=7789"}],"version-history":[{"count":1,"href":"https:\/\/www.sindvalores.com.br\/site\/wp-json\/wp\/v2\/posts\/7789\/revisions"}],"predecessor-version":[{"id":7790,"href":"https:\/\/www.sindvalores.com.br\/site\/wp-json\/wp\/v2\/posts\/7789\/revisions\/7790"}],"wp:attachment":[{"href":"https:\/\/www.sindvalores.com.br\/site\/wp-json\/wp\/v2\/media?parent=7789"}],"wp:term":[{"taxonomy":"category","embeddable":true,"href":"https:\/\/www.sindvalores.com.br\/site\/wp-json\/wp\/v2\/categories?post=7789"},{"taxonomy":"post_tag","embeddable":true,"href":"https:\/\/www.sindvalores.com.br\/site\/wp-json\/wp\/v2\/tags?post=7789"}],"curies":[{"name":"wp","href":"https:\/\/api.w.org\/{rel}","templated":true}]}}