{"id":7807,"date":"2015-02-17T22:12:08","date_gmt":"2015-02-17T22:12:08","guid":{"rendered":"http:\/\/sindvalores.com.br\/site\/?p=7807"},"modified":"2015-02-17T22:12:08","modified_gmt":"2015-02-17T22:12:08","slug":"homem-e-preso-acusado-de-roubar-cinco-agencias-bancarias-no-interior-da-bahia","status":"publish","type":"post","link":"https:\/\/www.sindvalores.com.br\/site\/institucional\/noticias\/homem-e-preso-acusado-de-roubar-cinco-agencias-bancarias-no-interior-da-bahia","title":{"rendered":"\u00bb Homem \u00e9 preso acusado de roubar cinco ag\u00eancias banc\u00e1rias no interior da Bahia"},"content":{"rendered":"<table border=\"0\" width=\"100%\">\n<tbody>\n<tr>\n<td>Um homem foi preso na tarde desta quarta-feira (16) acusado de roubar cinco ag\u00eancias banc\u00e1rias de cidades do interior do estado. Segundo informa\u00e7\u00f5es do site Acorda Cidade, Jo\u00e3o Vitor Lima Martins, 19 anos, mais conhecido como Vitinho, praticava os crimes com seu irm\u00e3o Jorge Ant\u00f4nio Martins da Silva Junior, 20 anos, mais conhecido como Jorginho.<\/p>\n<p>De acordo com a pol\u00edcia, a quadrilha agiu nas cidades de Am\u00e9lia Rodrigues, no dia 11 de fevereiro deste ano; Concei\u00e7\u00e3o da Feira, no dia 13 de mar\u00e7o; Terra Nova, no dia 10 de Abril; Anguera, no dia 18 de Abril, e na cidade de Ichu, no dia 28 de Abril.<\/p>\n<p>No dia do assalto ao Banco do Brasil de Ich\u00fa, Jorge, foi baleado em confronto com policiais militares e foi socorrido para o hospital Emec, em Feira de Santana. O acusado foi preso ap\u00f3s receber alta hospitalar e foi autuado em flagrante, sendo transferido para o Conjunto Penal de Serrinha.<\/p>\n<p>Em entrevista ao site Acorda Cidade, o delegado Dermeval Am\u00f4es Filho disse que a equipe do Grupo Avan\u00e7ado de Repress\u00e3o a Crimes Contra Institui\u00e7\u00f5es Financeiras(Garcif) iniciou as investiga\u00e7\u00f5es a partir do assalto do dia 28 de abril.<\/p>\n<p>\u201cJorge Ant\u00f4nio \u2013 irm\u00e3o de Jo\u00e3o &#8211; participou do assalto na cidade de Ichu, quando saiu baleado, e foi resgatado pelos comparsas que o socorreram para o hospital Emec, dando entrada a princ\u00edpio como se fosse v\u00edtima de assalto. Como a equipe do Garcif j\u00e1 sabia das a\u00e7\u00f5es anteriores deslocou at\u00e9 o hospital e deu voz de pris\u00e3o em flagrante ao Jorginho\u201d, explicou o delegado.<\/p>\n<p>A pol\u00edcia ainda ser\u00e1 em busca do restante da quadrilha. O ex-PM Hildo de Jesus Souza, que morreu em confronto com policiais de Tocantins, fazia parte do grupo.<\/p>\n<p>O acusado Jo\u00e3o Vitor nega sua participa\u00e7\u00e3o nos crimes e disse que foi a cidade de Ich\u00fa prestar socorro ao irm\u00e3o porque estava baleado e terminou sendo confundido com integrante.<\/p>\n<p>\u201cEu nunca participei de assalto a banco. Meu irm\u00e3o Jorge Ant\u00f4nio tamb\u00e9m \u00e9 inocente e n\u00e3o sabe o motivo da pris\u00e3o\u201d, declarou o acusado, que agora est\u00e1 a disposi\u00e7\u00e3o da Justi\u00e7a.<\/td>\n<\/tr>\n<tr>\n<td><\/td>\n<\/tr>\n<tr>\n<td>Fonte: Correio de Salvador<\/td>\n<\/tr>\n<\/tbody>\n<\/table>\n","protected":false},"excerpt":{"rendered":"<p>Um homem foi preso na tarde desta quarta-feira (16) acusado de roubar cinco ag\u00eancias banc\u00e1rias de cidades do interior do estado. Segundo informa\u00e7\u00f5es do site Acorda Cidade, Jo\u00e3o Vitor Lima Martins, 19 anos, mais conhecido como Vitinho, praticava os crimes com seu irm\u00e3o Jorge Ant\u00f4nio Martins da Silva Junior, 20 anos, mais conhecido como Jorginho. [&hellip;]<\/p>\n","protected":false},"author":1,"featured_media":0,"comment_status":"open","ping_status":"open","sticky":false,"template":"","format":"standard","meta":{"ngg_post_thumbnail":0,"footnotes":""},"categories":[4],"tags":[],"class_list":["post-7807","post","type-post","status-publish","format-standard","hentry","category-noticias"],"_links":{"self":[{"href":"https:\/\/www.sindvalores.com.br\/site\/wp-json\/wp\/v2\/posts\/7807","targetHints":{"allow":["GET"]}}],"collection":[{"href":"https:\/\/www.sindvalores.com.br\/site\/wp-json\/wp\/v2\/posts"}],"about":[{"href":"https:\/\/www.sindvalores.com.br\/site\/wp-json\/wp\/v2\/types\/post"}],"author":[{"embeddable":true,"href":"https:\/\/www.sindvalores.com.br\/site\/wp-json\/wp\/v2\/users\/1"}],"replies":[{"embeddable":true,"href":"https:\/\/www.sindvalores.com.br\/site\/wp-json\/wp\/v2\/comments?post=7807"}],"version-history":[{"count":1,"href":"https:\/\/www.sindvalores.com.br\/site\/wp-json\/wp\/v2\/posts\/7807\/revisions"}],"predecessor-version":[{"id":7808,"href":"https:\/\/www.sindvalores.com.br\/site\/wp-json\/wp\/v2\/posts\/7807\/revisions\/7808"}],"wp:attachment":[{"href":"https:\/\/www.sindvalores.com.br\/site\/wp-json\/wp\/v2\/media?parent=7807"}],"wp:term":[{"taxonomy":"category","embeddable":true,"href":"https:\/\/www.sindvalores.com.br\/site\/wp-json\/wp\/v2\/categories?post=7807"},{"taxonomy":"post_tag","embeddable":true,"href":"https:\/\/www.sindvalores.com.br\/site\/wp-json\/wp\/v2\/tags?post=7807"}],"curies":[{"name":"wp","href":"https:\/\/api.w.org\/{rel}","templated":true}]}}