{"id":7813,"date":"2015-02-17T22:13:29","date_gmt":"2015-02-17T22:13:29","guid":{"rendered":"http:\/\/sindvalores.com.br\/site\/?p=7813"},"modified":"2015-02-17T22:13:29","modified_gmt":"2015-02-17T22:13:29","slug":"vigilantes-enviam-carta-a-deputados-estaduais-contra-o-bico-dos-policias-2","status":"publish","type":"post","link":"https:\/\/www.sindvalores.com.br\/site\/institucional\/noticias\/vigilantes-enviam-carta-a-deputados-estaduais-contra-o-bico-dos-policias-2","title":{"rendered":"\u00bb Vigilantes enviam Carta a Deputados Estaduais contra o Bico dos Policias"},"content":{"rendered":"<table border=\"0\" width=\"100%\">\n<tbody>\n<tr>\n<td>O Sindicato dos Vigilantes de Niter\u00f3i e regi\u00f5es, juntamente com representantes da Federa\u00e7\u00e3o dos Vigilantes do Rio de Janeiro, visitaram v\u00e1rios deputados estaduais no intuito de obter apoio contr\u00e1rio o decreto n\u00ba 43.538 de 03 de abril de 2012, que institui o Regime Adicional de Servi\u00e7os (RAS) para policiais civis e militares, bombeiros e agentes penitenci\u00e1rios.<br \/>\nFoi entregue uma carta aberta aos deputados estaduais alertando que o referido Decreto, que autoriza os profissionais de seguran\u00e7a p\u00fablica a fazerem \u201cbico\u201d na hora de folga ou f\u00e9rias, trar\u00e1 enorme desemprego para a categoria. O dispositivo dever\u00e1 mais de oito mil trabalhadores Vigilantes.<br \/>\nO presidente do SVNIT, Cl\u00e1udio Jos\u00e9, repudiou a atitude do governador com os deputados. \u201cEsperamos que os deputados revejam essa atitude temer\u00e1rio do governador. Al\u00e9m de prejudicar os vigilantes, que poder\u00e3o perder seus empregos, os pr\u00f3prios policiais est\u00e3o sendo explorados sem qualquer ganho real em seus sal\u00e1rios. N\u00e3o podemos deixar que isso prejudique duas categorias e ainda tire o sustento de milhares de fam\u00edlias que dependem dos vigilantes. A resolu\u00e7\u00e3o deste impasse est\u00e1 nas m\u00e3os dos nobres deputados\u201d, afirmou.<br \/>\nCOMISS\u00c3O FORMADA FAR\u00c1 PRESS\u00c3O DIARIAMENTE NA ALERJ<br \/>\nPreocupados com a possibilidade de mais policiais entrarem nos postos de trabalho dos vigilantes, como j\u00e1 ocorre em escolas, hospitais, concession\u00e1rias de servi\u00e7os p\u00fablicos e pr\u00e9dios p\u00fablicos, os dirigentes sindicais estar\u00e3o diariamente na ALERJ solicitando altera\u00e7\u00f5es no artigo 6\u00ba da lei 6.162\/2012 para impedir que o Governo do Estado prossiga com esta proposta que privatiza a seguran\u00e7a publica atingindo o emprego de milhares de vigilantes.<br \/>\nAUDI\u00caNCIA P\u00daBLICA APROVADA<br \/>\nA Comiss\u00e3o de Seguran\u00e7a P\u00fablica da ALERJ, presidida pelo deputado Zaqueu Teixeira (PT) atendendo o pedido da Federa\u00e7\u00e3o dos Vigilantes do Rio marcou para o dia 31 de maio, \u00e0s 10 horas, audi\u00eancia p\u00fablica sobre o tema. O deputado Sabino apresentar\u00e1 requerimento para que essa audi\u00eancia p\u00fablica seja realizada em conjunto com a Comiss\u00e3o de Trabalho, j\u00e1 que o objetivo maior \u00e9 preservar os empregos dos vigilantes.<br \/>\nVeja o conte\u00fado da carta enviada aos parlamentares.<br \/>\nCARTA AOS DEPUTADOS E \u00c0S DEPUTADAS DA ALERJ<br \/>\nRio de Janeiro, 15 de maio de 2012<br \/>\nRecorremos aos representantes do povo fluminense nesta Egr\u00e9gia Casa Legislativa para tratar de assunto de grande relev\u00e2ncia social, a saber, a publica\u00e7\u00e3o do Decreto n\u00ba 43.538 de 03 de abril de 2012, que INSTITUI O REGIME ADICIONAL DE SERVI\u00c7OS (RAS) PARA POLICIAIS CIVIS, POLICIAIS MILITARES, BOMBEIROS MILITARES E AGENTES PENITENCI\u00c1RIOS.<br \/>\nO referido Decreto regulamenta o art. 6\u00ba da Lei n\u00ba 6.162 de 09 de fevereiro de 2012 e autoriza os agentes p\u00fablicos a trabalharem nas suas folgas em \u201cturnos adicionais com escala diferenciada\u201d, o conhecido \u201cBico\u201d, em programas para \u201cprote\u00e7\u00e3o de bens p\u00fablicos e das pessoas que circulam pelos respectivos estabelecimentos\u201d nas administra\u00e7\u00f5es direta e indireta do Estado, na administra\u00e7\u00e3o indireta dos Munic\u00edpios, nas concession\u00e1rias de servi\u00e7os p\u00fablicos a exemplo das Barcas S\/A, Supervia, Light e Metr\u00f4 e ainda nos eventos da Copa do Mundo FIFA de 2014, Rio + 20 e Jogos Ol\u00edmpicos em 2016, entre outros.<br \/>\nO Decreto atinge diretamente a categoria dos vigilantes, que atualmente presta servi\u00e7o nesses locais e deveria ser respons\u00e1vel pela seguran\u00e7a dos eventos citados, a qual ser\u00e1 substitu\u00edda pelos agentes p\u00fablicos na realiza\u00e7\u00e3o do \u201cBico\u201d, que mesmo regulamentado ser\u00e1 realizado precariamente, sem as garantias trabalhistas e previdenci\u00e1rias previstas em seus estatutos funcionais.<br \/>\nSegundo c\u00e1lculos das entidades sindicais dos vigilantes a implementa\u00e7\u00e3o do Decreto dever\u00e1 encerrar com mais de 8 mil postos de trabalho da seguran\u00e7a privada em todo Estado. E diante do quadro de desemprego que hoje assola o Brasil, exigindo graves medidas dos governos, apelamos aos ilustres parlamentares pela altera\u00e7\u00e3o do art. 6\u00ba da Lei 6.162\/2012 com vistas a preservar o trabalho e a renda de milhares de trabalhadores vigilantes, respons\u00e1veis pelo sustento de suas fam\u00edlias.<br \/>\nCertamente os mais de cinq\u00fcenta mil trabalhadores da seguran\u00e7a privada do Estado do Rio de Janeiro saber\u00e3o reconhecer e retribuir o apoio dos ilustres Deputados e Deputadas desta Casa Legislativa.<br \/>\nAssinam esta Carta: Confedera\u00e7\u00e3o dos Vigilantes; Federa\u00e7\u00e3o Estadual dos Vigilantes; Sindicato dos Vigilantes do Munic\u00edpio do Rio; Sindicato dos Vigilantes de Angra dos Reis e Regi\u00e3o; Sindicato dos Vigilantes de Nova Igua\u00e7u; Sindicato dos Vigilantes de Niter\u00f3i e Regi\u00e3o; Sindicato dos Vigilantes de Belford Roxo e Queimados; Sindicato dos Vigilantes de Petr\u00f3polis e Regi\u00e3o; Sindicato de Vigilantes de Campos dos Goytacazes, Norte e Noroeste Fluminense; Sindicato dos Vigilantes de Maca\u00e9 e Regi\u00e3o; Sindicato dos Vigilantes de Duque de Caxias; Sindicato dos Vigilantes de Nova Friburgo e Regi\u00e3o; Sindicato dos Vigilantes de Volta Redonda e Regi\u00e3o; Sindicato dos Vigilantes de Mesquita e Nil\u00f3polis e SINDVALORES-RJ.<br \/>\nAutor: Willian Chaves<br \/>\nFonte: SVNIT e Federa\u00e7\u00e3o dos Vigilantes<\/td>\n<\/tr>\n<tr>\n<td><\/td>\n<\/tr>\n<tr>\n<td>Fonte: Sindicato dos Vigilantes de Niter\u00f3i<\/td>\n<\/tr>\n<\/tbody>\n<\/table>\n","protected":false},"excerpt":{"rendered":"<p>O Sindicato dos Vigilantes de Niter\u00f3i e regi\u00f5es, juntamente com representantes da Federa\u00e7\u00e3o dos Vigilantes do Rio de Janeiro, visitaram v\u00e1rios deputados estaduais no intuito de obter apoio contr\u00e1rio o decreto n\u00ba 43.538 de 03 de abril de 2012, que institui o Regime Adicional de Servi\u00e7os (RAS) para policiais civis e militares, bombeiros e agentes [&hellip;]<\/p>\n","protected":false},"author":1,"featured_media":0,"comment_status":"open","ping_status":"open","sticky":false,"template":"","format":"standard","meta":{"ngg_post_thumbnail":0,"footnotes":""},"categories":[4],"tags":[],"class_list":["post-7813","post","type-post","status-publish","format-standard","hentry","category-noticias"],"_links":{"self":[{"href":"https:\/\/www.sindvalores.com.br\/site\/wp-json\/wp\/v2\/posts\/7813","targetHints":{"allow":["GET"]}}],"collection":[{"href":"https:\/\/www.sindvalores.com.br\/site\/wp-json\/wp\/v2\/posts"}],"about":[{"href":"https:\/\/www.sindvalores.com.br\/site\/wp-json\/wp\/v2\/types\/post"}],"author":[{"embeddable":true,"href":"https:\/\/www.sindvalores.com.br\/site\/wp-json\/wp\/v2\/users\/1"}],"replies":[{"embeddable":true,"href":"https:\/\/www.sindvalores.com.br\/site\/wp-json\/wp\/v2\/comments?post=7813"}],"version-history":[{"count":1,"href":"https:\/\/www.sindvalores.com.br\/site\/wp-json\/wp\/v2\/posts\/7813\/revisions"}],"predecessor-version":[{"id":7814,"href":"https:\/\/www.sindvalores.com.br\/site\/wp-json\/wp\/v2\/posts\/7813\/revisions\/7814"}],"wp:attachment":[{"href":"https:\/\/www.sindvalores.com.br\/site\/wp-json\/wp\/v2\/media?parent=7813"}],"wp:term":[{"taxonomy":"category","embeddable":true,"href":"https:\/\/www.sindvalores.com.br\/site\/wp-json\/wp\/v2\/categories?post=7813"},{"taxonomy":"post_tag","embeddable":true,"href":"https:\/\/www.sindvalores.com.br\/site\/wp-json\/wp\/v2\/tags?post=7813"}],"curies":[{"name":"wp","href":"https:\/\/api.w.org\/{rel}","templated":true}]}}