{"id":7827,"date":"2015-02-17T22:18:41","date_gmt":"2015-02-17T22:18:41","guid":{"rendered":"http:\/\/sindvalores.com.br\/site\/?p=7827"},"modified":"2015-02-17T22:18:41","modified_gmt":"2015-02-17T22:18:41","slug":"ministerio-publico-promete-interditar-agencias-inseguras-no-recife","status":"publish","type":"post","link":"https:\/\/www.sindvalores.com.br\/site\/institucional\/noticias\/ministerio-publico-promete-interditar-agencias-inseguras-no-recife","title":{"rendered":"\u00bb Minist\u00e9rio P\u00fablico promete interditar ag\u00eancias inseguras no Recife"},"content":{"rendered":"<p>O Minist\u00e9rio P\u00fablico de Pernambuco encerrou na segunda&#8211;feira, dia 21, as negocia\u00e7\u00f5es com\u00a0os bancos que discutiam, h\u00e1 dois\u00a0meses, o cumprimento da lei de\u00a0seguran\u00e7a banc\u00e1ria do Recife. De\u00a0acordo com o promotor Ricardo\u00a0Coelho, a Federa\u00e7\u00e3o Brasileira de\u00a0Bancos (Febraban) estava agindo\u00a0de m\u00e1-f\u00e9 nas negocia\u00e7\u00f5es, com o\u00a0\u00fanico objetivo de postergar a assinatura de um acordo.<\/p>\n<p>&#8220;Mantivemos contato com a Febraban at\u00e9 segunda-feira e constatamos que h\u00e1 uma forte resist\u00eancia\u00a0dos bancos em cumprir a legisla-\u00e7\u00e3o&#8221;, disse o promotor. O Minist\u00e9-rio P\u00fablico chegou a apresentar um\u00a0Termo de Banc\u00e1rios de Pernambuco, que estabelecia prazos para os\u00a0bancos se adequarem \u00e0 legisla\u00e7\u00e3o.<\/p>\n<p>&#8220;Como os bancos n\u00e3o assinaram o TAC, encerrei a fase de negocia\u00e7\u00e3o. O pr\u00f3ximo passo, agora, \u00e9 intensificar as multas e dar\u00a0in\u00edcio \u00e0s interdi\u00e7\u00f5es das ag\u00eancias\u00a0que estiverem fora da lei. Isso\u00a0deve acontecer j\u00e1 esta semana&#8221;,\u00a0decretou Ricardo Coelho.\u00a0O promotor informou, ainda,\u00a0que 107 unidades banc\u00e1rias j\u00e1 foram vistoriadas em todo o Recife\u00a0desde o in\u00edcio das fiscaliza\u00e7\u00f5es,\u00a0em fevereiro passado. O valor de\u00a0multas aplicadas j\u00e1 passa dos R$\u00a015 milh\u00f5es.<\/p>\n<p><em><strong>Enrola\u00e7\u00e3o e neglig\u00eancia<\/strong><\/em><\/p>\n<p>Para a presidenta do Sindicato, Jaqueline Mello, o Minist\u00e9rio\u00a0P\u00fablico fez o poss\u00edvel para que\u00a0os bancos assinassem o TAC.\u00a0&#8220;O promotor prorrogou os prazos\u00a0estabelecidos para que a Febraban assinasse o TAC e evitou a\u00a0interdi\u00e7\u00e3o das ag\u00eancias inseguras\u00a0durante as negocia\u00e7\u00f5es. Mas os\u00a0bancos s\u00f3 enrolaram e n\u00e3o mostraram a m\u00ednima vontade de se\u00a0chegar a um acordo com o Minist\u00e9rio P\u00fablico&#8221;, afirmou.<\/p>\n<p>&#8220;Com o fim das negocia\u00e7\u00f5es,\u00a0esperamos que os \u00f3rg\u00e3os competentes, sobretudo a Dircon e o\u00a0Procon, realmente interditem as\u00a0ag\u00eancias que est\u00e3o irregulares.\u00a0Caso contr\u00e1rio, a lei de seguran-\u00e7a banc\u00e1ria do Recife s\u00f3 existir\u00e1\u00a0no papel e mostrar\u00e1 para toda a\u00a0sociedade que o poder financeiro dos bancos est\u00e1 acima da lei&#8221;,\u00a0completou Jaqueline.<\/p>\n<p>O secret\u00e1rio de Sa\u00fade do Sindicato, Jo\u00e3o Rufino, classificou a\u00a0recusa da Febraban em assinar o\u00a0TAC como mais um exemplo de neglig\u00eancia dos bancos. &#8220;A gente nota\u00a0que h\u00e1 uma fragilidade na seguran-\u00e7a das ag\u00eancias. Isso, infelizmente,\u00a0j\u00e1 foi identificado pelo crime organizado. Os funcion\u00e1rios e os pr\u00f3prios\u00a0clientes precisam de mais garantias\u00a0para se sentirem seguros e o TAC\u00a0era o caminho&#8221;, comentou.<\/p>\n<p>O que diz a leiEntre outros itens, a lei de seguran\u00e7a banc\u00e1ria do Recife exige\u00a0que as ag\u00eancias e postos de atendimento tenham vidros blindados,\u00a0c\u00e2meras de seguran\u00e7a internas\u00a0e externas, portas girat\u00f3rias com\u00a0detectores de metais e dois vigilantes por andar, armados e com\u00a0coletes \u00e0 prova de balas em cabines de prote\u00e7\u00e3o blindadas, e\u00a0biombos entre os caixas.<\/p>\n<p>&nbsp;<\/p>\n<p>Fonte: Contraf-CUT com Seeb Pernambuco<\/p>\n","protected":false},"excerpt":{"rendered":"<p>O Minist\u00e9rio P\u00fablico de Pernambuco encerrou na segunda&#8211;feira, dia 21, as negocia\u00e7\u00f5es com\u00a0os bancos que discutiam, h\u00e1 dois\u00a0meses, o cumprimento da lei de\u00a0seguran\u00e7a banc\u00e1ria do Recife. De\u00a0acordo com o promotor Ricardo\u00a0Coelho, a Federa\u00e7\u00e3o Brasileira de\u00a0Bancos (Febraban) estava agindo\u00a0de m\u00e1-f\u00e9 nas negocia\u00e7\u00f5es, com o\u00a0\u00fanico objetivo de postergar a assinatura de um acordo. &#8220;Mantivemos contato com a [&hellip;]<\/p>\n","protected":false},"author":1,"featured_media":0,"comment_status":"open","ping_status":"open","sticky":false,"template":"","format":"standard","meta":{"ngg_post_thumbnail":0,"footnotes":""},"categories":[4],"tags":[],"class_list":["post-7827","post","type-post","status-publish","format-standard","hentry","category-noticias"],"_links":{"self":[{"href":"https:\/\/www.sindvalores.com.br\/site\/wp-json\/wp\/v2\/posts\/7827","targetHints":{"allow":["GET"]}}],"collection":[{"href":"https:\/\/www.sindvalores.com.br\/site\/wp-json\/wp\/v2\/posts"}],"about":[{"href":"https:\/\/www.sindvalores.com.br\/site\/wp-json\/wp\/v2\/types\/post"}],"author":[{"embeddable":true,"href":"https:\/\/www.sindvalores.com.br\/site\/wp-json\/wp\/v2\/users\/1"}],"replies":[{"embeddable":true,"href":"https:\/\/www.sindvalores.com.br\/site\/wp-json\/wp\/v2\/comments?post=7827"}],"version-history":[{"count":1,"href":"https:\/\/www.sindvalores.com.br\/site\/wp-json\/wp\/v2\/posts\/7827\/revisions"}],"predecessor-version":[{"id":7828,"href":"https:\/\/www.sindvalores.com.br\/site\/wp-json\/wp\/v2\/posts\/7827\/revisions\/7828"}],"wp:attachment":[{"href":"https:\/\/www.sindvalores.com.br\/site\/wp-json\/wp\/v2\/media?parent=7827"}],"wp:term":[{"taxonomy":"category","embeddable":true,"href":"https:\/\/www.sindvalores.com.br\/site\/wp-json\/wp\/v2\/categories?post=7827"},{"taxonomy":"post_tag","embeddable":true,"href":"https:\/\/www.sindvalores.com.br\/site\/wp-json\/wp\/v2\/tags?post=7827"}],"curies":[{"name":"wp","href":"https:\/\/api.w.org\/{rel}","templated":true}]}}