{"id":7841,"date":"2015-02-17T22:22:35","date_gmt":"2015-02-17T22:22:35","guid":{"rendered":"http:\/\/sindvalores.com.br\/site\/?p=7841"},"modified":"2015-02-17T22:22:35","modified_gmt":"2015-02-17T22:22:35","slug":"assembleia-adia-licitacao-de-vigilancia","status":"publish","type":"post","link":"https:\/\/www.sindvalores.com.br\/site\/institucional\/noticias\/assembleia-adia-licitacao-de-vigilancia","title":{"rendered":"\u00bb Assembleia adia licita\u00e7\u00e3o de vigil\u00e2ncia"},"content":{"rendered":"<table border=\"0\" width=\"100%\">\n<tbody>\n<tr>\n<td>Curitiba &#8211; Prevista para ocorrer na pr\u00f3xima segunda-feira, a licita\u00e7\u00e3o para contratar uma empresa de vigil\u00e2ncia para a Assembleia Legislativa (AL) do Paran\u00e1 foi suspensa, temporariamente, pela Diretoria de Apoio T\u00e9cnico da Casa. De acordo com o documento de revoga\u00e7\u00e3o publicado, a inten\u00e7\u00e3o \u00e9 fazer ajustes no texto do edital e lan\u00e7ar um novo nos pr\u00f3ximos dias.<br \/>\nComo houve dois pedidos de impugna\u00e7\u00e3o por empresas participantes do processo, a interpreta\u00e7\u00e3o da AL \u00e9 que o processo pode ser mais \u00e1gil ao retirar o edital j\u00e1 publicado e elaborar um novo, ao inv\u00e9s de passar por todos os prazos recursas jur\u00eddicos de eventuais impugna\u00e7\u00f5es. Pelo edital que havia sido publicado, o valor m\u00e1ximo mensal estipulado para pagamento da empresa de vigil\u00e2ncia era de R$ 176.088,47.<br \/>\nEnquanto n\u00e3o ocorre o processo licitat\u00f3rio para escolha de uma empresa para operar o servi\u00e7o, a AL dever\u00e1 firmar um novo aditivo de contrato com a empresa de seguran\u00e7a privada Embrasil, que atualmente \u00e9 a respons\u00e1vel pela vigil\u00e2ncia nas depend\u00eancias do Legislativo. O aditivo vigente, firmado dia 4 de fevereiro, termina dia 4 de junho. A Embrasil assumiu a seguran\u00e7a da AL em fevereiro de 2011, assim que come\u00e7ou a gest\u00e3o do atual presidente, deputado Valdir Rossoni (PSDB), e depois que os vigilantes comissionados que atuavam na Casa at\u00e9 ent\u00e3o foram demitidos. A licita\u00e7\u00e3o \u00e9 prometida desde aquela \u00e9poca.<\/td>\n<\/tr>\n<tr>\n<td><\/td>\n<\/tr>\n<tr>\n<td>Fonte: Folha de Londrina<\/td>\n<\/tr>\n<\/tbody>\n<\/table>\n","protected":false},"excerpt":{"rendered":"<p>Curitiba &#8211; Prevista para ocorrer na pr\u00f3xima segunda-feira, a licita\u00e7\u00e3o para contratar uma empresa de vigil\u00e2ncia para a Assembleia Legislativa (AL) do Paran\u00e1 foi suspensa, temporariamente, pela Diretoria de Apoio T\u00e9cnico da Casa. De acordo com o documento de revoga\u00e7\u00e3o publicado, a inten\u00e7\u00e3o \u00e9 fazer ajustes no texto do edital e lan\u00e7ar um novo nos [&hellip;]<\/p>\n","protected":false},"author":1,"featured_media":0,"comment_status":"open","ping_status":"open","sticky":false,"template":"","format":"standard","meta":{"ngg_post_thumbnail":0,"footnotes":""},"categories":[4],"tags":[],"class_list":["post-7841","post","type-post","status-publish","format-standard","hentry","category-noticias"],"_links":{"self":[{"href":"https:\/\/www.sindvalores.com.br\/site\/wp-json\/wp\/v2\/posts\/7841","targetHints":{"allow":["GET"]}}],"collection":[{"href":"https:\/\/www.sindvalores.com.br\/site\/wp-json\/wp\/v2\/posts"}],"about":[{"href":"https:\/\/www.sindvalores.com.br\/site\/wp-json\/wp\/v2\/types\/post"}],"author":[{"embeddable":true,"href":"https:\/\/www.sindvalores.com.br\/site\/wp-json\/wp\/v2\/users\/1"}],"replies":[{"embeddable":true,"href":"https:\/\/www.sindvalores.com.br\/site\/wp-json\/wp\/v2\/comments?post=7841"}],"version-history":[{"count":1,"href":"https:\/\/www.sindvalores.com.br\/site\/wp-json\/wp\/v2\/posts\/7841\/revisions"}],"predecessor-version":[{"id":7842,"href":"https:\/\/www.sindvalores.com.br\/site\/wp-json\/wp\/v2\/posts\/7841\/revisions\/7842"}],"wp:attachment":[{"href":"https:\/\/www.sindvalores.com.br\/site\/wp-json\/wp\/v2\/media?parent=7841"}],"wp:term":[{"taxonomy":"category","embeddable":true,"href":"https:\/\/www.sindvalores.com.br\/site\/wp-json\/wp\/v2\/categories?post=7841"},{"taxonomy":"post_tag","embeddable":true,"href":"https:\/\/www.sindvalores.com.br\/site\/wp-json\/wp\/v2\/tags?post=7841"}],"curies":[{"name":"wp","href":"https:\/\/api.w.org\/{rel}","templated":true}]}}