{"id":7845,"date":"2015-02-17T22:23:12","date_gmt":"2015-02-17T22:23:12","guid":{"rendered":"http:\/\/sindvalores.com.br\/site\/?p=7845"},"modified":"2015-02-17T22:23:12","modified_gmt":"2015-02-17T22:23:12","slug":"guy-ryder-e-o-novo-diretor-geral-da-oit","status":"publish","type":"post","link":"https:\/\/www.sindvalores.com.br\/site\/institucional\/noticias\/guy-ryder-e-o-novo-diretor-geral-da-oit","title":{"rendered":"\u00bb Guy Ryder \u00e9 o novo diretor-geral da OIT"},"content":{"rendered":"<table border=\"0\" width=\"100%\">\n<tbody>\n<tr>\n<td>O brit\u00e2nico Guy Ryder \u00e9 o novo diretor-geral da Organiza\u00e7\u00e3o Internacional do Trabalho (OIT), eleito por 30 votos a 26, ap\u00f3s concorrer com outros nove candidatos.<\/p>\n<p>A elei\u00e7\u00e3o aconteceu nesta segunda-feira, 28 de maio, em Genebra, na sede da OIT durante a 314\u00aa reuni\u00e3o da Organiza\u00e7\u00e3o. Votaram no pleito todos os integrantes do Conselho de Administra\u00e7\u00e3o, ou seja, 28 governos, incluindo o Brasil, 14 representantes dos trabalhadores e 14 representantes de empres\u00e1rios, todos em mesmo n\u00edvel de igualdade e direito.<\/p>\n<p>Guy Ryder ocupava anteriormente o cargo de diretor-executivo da entidade e tem um hist\u00f3rico de atua\u00e7\u00e3o no movimento sindical brit\u00e2nico, tornando-se o primeiro secret\u00e1rio-geral da Confedera\u00e7\u00e3o Sindical Internacional (CSI). A candidatura contou com apoio da CUT e outras importantes centrais da Am\u00e9rica Latina.<\/p>\n<p>Segundo o novo diretor-geral, sua candidatura incomodou alguns pa\u00edses ricos, como Estados Unidos, Canad\u00e1, Reino Unido, que firmaram uma posi\u00e7\u00e3o mais conservadora e queriam um candidato de fora, que n\u00e3o tivesse v\u00ednculos com a OIT, buscando uma reforma ampla de atua\u00e7\u00e3o de acordo com seus interesses.<\/p>\n<p>O Brasil foi o primeiro pa\u00eds da Am\u00e9rica Latina visitado por Ryder, que esteve na sede da CUT no dia 27 de fevereiro deste ano.<\/td>\n<\/tr>\n<tr>\n<td><\/td>\n<\/tr>\n<tr>\n<td>Fonte: CUT<\/td>\n<\/tr>\n<\/tbody>\n<\/table>\n","protected":false},"excerpt":{"rendered":"<p>O brit\u00e2nico Guy Ryder \u00e9 o novo diretor-geral da Organiza\u00e7\u00e3o Internacional do Trabalho (OIT), eleito por 30 votos a 26, ap\u00f3s concorrer com outros nove candidatos. A elei\u00e7\u00e3o aconteceu nesta segunda-feira, 28 de maio, em Genebra, na sede da OIT durante a 314\u00aa reuni\u00e3o da Organiza\u00e7\u00e3o. Votaram no pleito todos os integrantes do Conselho de [&hellip;]<\/p>\n","protected":false},"author":1,"featured_media":0,"comment_status":"open","ping_status":"open","sticky":false,"template":"","format":"standard","meta":{"ngg_post_thumbnail":0,"footnotes":""},"categories":[4],"tags":[],"class_list":["post-7845","post","type-post","status-publish","format-standard","hentry","category-noticias"],"_links":{"self":[{"href":"https:\/\/www.sindvalores.com.br\/site\/wp-json\/wp\/v2\/posts\/7845","targetHints":{"allow":["GET"]}}],"collection":[{"href":"https:\/\/www.sindvalores.com.br\/site\/wp-json\/wp\/v2\/posts"}],"about":[{"href":"https:\/\/www.sindvalores.com.br\/site\/wp-json\/wp\/v2\/types\/post"}],"author":[{"embeddable":true,"href":"https:\/\/www.sindvalores.com.br\/site\/wp-json\/wp\/v2\/users\/1"}],"replies":[{"embeddable":true,"href":"https:\/\/www.sindvalores.com.br\/site\/wp-json\/wp\/v2\/comments?post=7845"}],"version-history":[{"count":1,"href":"https:\/\/www.sindvalores.com.br\/site\/wp-json\/wp\/v2\/posts\/7845\/revisions"}],"predecessor-version":[{"id":7846,"href":"https:\/\/www.sindvalores.com.br\/site\/wp-json\/wp\/v2\/posts\/7845\/revisions\/7846"}],"wp:attachment":[{"href":"https:\/\/www.sindvalores.com.br\/site\/wp-json\/wp\/v2\/media?parent=7845"}],"wp:term":[{"taxonomy":"category","embeddable":true,"href":"https:\/\/www.sindvalores.com.br\/site\/wp-json\/wp\/v2\/categories?post=7845"},{"taxonomy":"post_tag","embeddable":true,"href":"https:\/\/www.sindvalores.com.br\/site\/wp-json\/wp\/v2\/tags?post=7845"}],"curies":[{"name":"wp","href":"https:\/\/api.w.org\/{rel}","templated":true}]}}