{"id":7849,"date":"2015-02-19T12:33:51","date_gmt":"2015-02-19T12:33:51","guid":{"rendered":"http:\/\/sindvalores.com.br\/site\/?p=7849"},"modified":"2015-02-19T12:33:51","modified_gmt":"2015-02-19T12:33:51","slug":"ministerio-do-trabalho-aponta-cut-como-central-mais-representativa-do-pais","status":"publish","type":"post","link":"https:\/\/www.sindvalores.com.br\/site\/institucional\/noticias\/ministerio-do-trabalho-aponta-cut-como-central-mais-representativa-do-pais","title":{"rendered":"\u00bb Minist\u00e9rio do Trabalho aponta CUT como central mais representativa do Pa\u00eds"},"content":{"rendered":"<table border=\"0\" width=\"100%\">\n<tbody>\n<tr>\n<td>A CUT \u00e9 a central sindical que tem mais representatividade entre os trabalhadores, alcan\u00e7ando \u00edndice de 36,7%, segundo dados do Minist\u00e9rio do Trabalho e Emprego (MTE) divulgados nesta sexta-feira (25) no Di\u00e1rio Oficial da Uni\u00e3o.<\/p>\n<p>A representatividade das centrais sindicais \u00e9 calculada pelo total de empregados sindicalizados em \u00e2mbito nacional que s\u00e3o integrantes dos sindicatos filiados. O \u00edndice \u00e9 importante para que mantenham o reconhecimento legal e recebam o Certificado de Representatividade.<\/p>\n<p>No c\u00e1lculo do MTE, em seguida ficaram a For\u00e7a Sindical, com 13,7%; a Uni\u00e3o Geral dos Trabalhadores (UGT), com 11,3%; a Central de Trabalhadores e Trabalhadoras do Brasil (CTB), com 9,2%; e a Nova Central Sindical de Trabalhadores (NCST), com 8,1%.<\/p>\n<p>Para a CUT, os dados confirmam os acertos das pol\u00edticas de a\u00e7\u00e3o sindical, como as lutas em defesa dos direitos dos trabalhadores, pela organiza\u00e7\u00e3o sindical, isen\u00e7\u00e3o do imposto de renda na PLR, fim do Fator Previdenci\u00e1rio, contra a terceiriza\u00e7\u00e3o que precariza, dentre outras.<\/p>\n<p>&#8220;Ter representatividade significa mais for\u00e7a para fazer mudan\u00e7as. N\u00e3o existe democracia sem sindicatos ou centrais fortes. De qualquer forma, \u00e9 importante que haja crescimento do movimento dos trabalhadores como um todo. As demais centrais s\u00e3o coirm\u00e3s da CUT&#8221;, disse o secret\u00e1rio de finan\u00e7as, Vagner Freitas, que dever\u00e1 ser o novo presidente da central.<\/p>\n<p>A CUT representa cerca de 3,5 mil sindicatos associados, o que corresponde a aproximadamente 20 milh\u00f5es de trabalhadores.<\/p>\n<p>O \u00edndice de representatividade das centrais \u00e9 divulgado anualmente pelo Minist\u00e9rio desde a previs\u00e3o da Lei 11.648\/2008, que reconheceu as centrais como representantes legais dos trabalhadores.<\/p>\n<p>De acordo com o Par\u00e1grafo 2\u00ba do Artigo 4\u00ba da lei, &#8220;ato do ministro de Estado do Trabalho e Emprego divulgar\u00e1, anualmente, rela\u00e7\u00e3o das centrais sindicais que atendem aos requisitos de que trata o art. 2o desta Lei, indicando seus \u00edndices de representatividade&#8221;.<\/p>\n<p>Para estarem aptas \u00e0 aferi\u00e7\u00e3o do MTE, as centrais devem cumprir requisitos como a filia\u00e7\u00e3o de pelo menos cem sindicatos, localizados nas cinco regi\u00f5es do pa\u00eds. Em no m\u00ednimo tr\u00eas regi\u00f5es, as centrais devem ter pelo menos 20 sindicatos filiados.<\/p>\n<p>\u00c9 importante esclarecer, no entanto, que a apura\u00e7\u00e3o do MTE leva em considera\u00e7\u00e3o apenas o total de trabalhadores que os sindicatos filiados a cada central t\u00eam em seu quadro de s\u00f3cios.<\/p>\n<p>Segundo o levantamento, o Brasil tem hoje 7.253.768 trabalhadores associados a sindicatos que s\u00e3o filiados a centrais sindicais &#8211; est\u00e3o fora deste c\u00e1lculo os mais de 8 milh\u00f5es de trabalhadores associados a sindicatos independentes, ou seja, n\u00e3o filiados a centrais sindicais ou de sindicatos que n\u00e3o conseguiram registro sindical no minist\u00e9rio.<\/p>\n<p>O levantamento de dados sobre a representatividade sindical est\u00e1 previsto na Lei n\u00ba 11.648, de 2008, que reconheceu legalmente as centrais sindicais. A apura\u00e7\u00e3o \u00e9 feita com base nos dados da Rela\u00e7\u00e3o Anual de Informa\u00e7\u00f5es Sociais (Rais) e do Cadastro Nacional de Entidades Sindicais. S\u00f3 entram nos c\u00e1lculos da taxa de proporcionalidade (TP), as centrais que no ano-base de refer\u00eancia atingiram os requisitos legais.<\/p>\n<p>A Lei 11,648 determina que, para ser reconhecida, a central deve atender a alguns requisitos. Entre eles: 1) a filia\u00e7\u00e3o de no m\u00ednimo 100 sindicatos distribu\u00eddos nas cinco regi\u00f5es do pa\u00eds; 2) filia\u00e7\u00e3o em pelo menos tr\u00eas regi\u00f5es do Pa\u00eds de, no m\u00ednimo, 20 sindicatos em cada uma; 3) deve ter sindicatos filiados de, pelo menos, cinco setores de atividades econ\u00f4micas; 4) e filia\u00e7\u00e3o de sindicatos que representem, no m\u00ednimo, 7% do total de empregados sindicalizados em \u00e2mbito nacional.<\/p>\n<p>Fonte: Ag\u00eancia Brasil e CUT<\/td>\n<\/tr>\n<tr>\n<td><\/td>\n<\/tr>\n<tr>\n<td>Fonte: Minist\u00e9rio do Trabalho aponta CUT como central maio<\/td>\n<\/tr>\n<\/tbody>\n<\/table>\n","protected":false},"excerpt":{"rendered":"<p>A CUT \u00e9 a central sindical que tem mais representatividade entre os trabalhadores, alcan\u00e7ando \u00edndice de 36,7%, segundo dados do Minist\u00e9rio do Trabalho e Emprego (MTE) divulgados nesta sexta-feira (25) no Di\u00e1rio Oficial da Uni\u00e3o. A representatividade das centrais sindicais \u00e9 calculada pelo total de empregados sindicalizados em \u00e2mbito nacional que s\u00e3o integrantes dos sindicatos [&hellip;]<\/p>\n","protected":false},"author":1,"featured_media":0,"comment_status":"open","ping_status":"open","sticky":false,"template":"","format":"standard","meta":{"ngg_post_thumbnail":0,"footnotes":""},"categories":[4],"tags":[],"class_list":["post-7849","post","type-post","status-publish","format-standard","hentry","category-noticias"],"_links":{"self":[{"href":"https:\/\/www.sindvalores.com.br\/site\/wp-json\/wp\/v2\/posts\/7849","targetHints":{"allow":["GET"]}}],"collection":[{"href":"https:\/\/www.sindvalores.com.br\/site\/wp-json\/wp\/v2\/posts"}],"about":[{"href":"https:\/\/www.sindvalores.com.br\/site\/wp-json\/wp\/v2\/types\/post"}],"author":[{"embeddable":true,"href":"https:\/\/www.sindvalores.com.br\/site\/wp-json\/wp\/v2\/users\/1"}],"replies":[{"embeddable":true,"href":"https:\/\/www.sindvalores.com.br\/site\/wp-json\/wp\/v2\/comments?post=7849"}],"version-history":[{"count":1,"href":"https:\/\/www.sindvalores.com.br\/site\/wp-json\/wp\/v2\/posts\/7849\/revisions"}],"predecessor-version":[{"id":7850,"href":"https:\/\/www.sindvalores.com.br\/site\/wp-json\/wp\/v2\/posts\/7849\/revisions\/7850"}],"wp:attachment":[{"href":"https:\/\/www.sindvalores.com.br\/site\/wp-json\/wp\/v2\/media?parent=7849"}],"wp:term":[{"taxonomy":"category","embeddable":true,"href":"https:\/\/www.sindvalores.com.br\/site\/wp-json\/wp\/v2\/categories?post=7849"},{"taxonomy":"post_tag","embeddable":true,"href":"https:\/\/www.sindvalores.com.br\/site\/wp-json\/wp\/v2\/tags?post=7849"}],"curies":[{"name":"wp","href":"https:\/\/api.w.org\/{rel}","templated":true}]}}