{"id":7864,"date":"2015-02-19T12:40:11","date_gmt":"2015-02-19T12:40:11","guid":{"rendered":"http:\/\/sindvalores.com.br\/site\/?p=7864"},"modified":"2015-02-19T12:40:11","modified_gmt":"2015-02-19T12:40:11","slug":"assaltos-a-bancos-quadrilhas-atuam-em-4-estados-do-ne","status":"publish","type":"post","link":"https:\/\/www.sindvalores.com.br\/site\/institucional\/noticias\/assaltos-a-bancos-quadrilhas-atuam-em-4-estados-do-ne","title":{"rendered":"\u00bb Assaltos a bancos: quadrilhas atuam em 4 estados do NE"},"content":{"rendered":"<table border=\"0\" width=\"100%\">\n<tbody>\n<tr>\n<td>Ap\u00f3s o vig\u00e9simo s\u00e9timo assalto a banco registrado em Alagoas s\u00f3 neste ano &#8211; alguns com sequestros de gerentes e uso de explosivos -, a pol\u00edcia come\u00e7a a tra\u00e7ar algumas linhas de investiga\u00e7\u00e3o. A delegada Maria Angelita, titular da Se\u00e7\u00e3o Especial de Combate a Roubos a Bancos (Serb), da Divis\u00e3o Especial de Investiga\u00e7\u00e3o e Capturas (Deic), disse nesta sexta-feira (08), que n\u00e3o descarta a hip\u00f3tese da onda de ataques ter rela\u00e7\u00e3o com as elei\u00e7\u00f5es.<\/p>\n<p>A delegada prefere n\u00e3o dar detalhes sobre as investiga\u00e7\u00f5es, mas disse que nenhuma hip\u00f3tese \u00e9 descartada. \u201cEstamos em fase de levantamento de dados dessa e de outras ocorr\u00eancias, mas nada pode ser descartado nesse momento\u201d, disse. Em um balan\u00e7o divulgado hoje pela Pol\u00edcia Civil, dezenove pessoas j\u00e1 foram presas este ano acusadas de envolvimento com os assaltos realizados entre 2011 e junho de 2012. As investiga\u00e7\u00f5es, at\u00e9 agora, apontam para quadrilhas que atuam tamb\u00e9m nos estados de Pernambuco, Sergipe e Rio Grande do Norte.<\/p>\n<p>Segundo o levantamento da Pol\u00edcia Civil, os presos t\u00eam envolvimento com assaltos \u00e0s ag\u00eancias do Bradesco em Rio Largo, Cra\u00edbas, Feira Grande e S\u00e3o Sebasti\u00e3o, al\u00e9m de participa\u00e7\u00e3o nos assaltos aos Correios de Novo Lino, Rio Largo e Capela. Eles tamb\u00e9m s\u00e3o apontados como respons\u00e1veis pelo seq\u00fcestro de gerentes de algumas ag\u00eancias assaltadas. Alguns dos integrantes das quadrilhas que foram presas tamb\u00e9m t\u00eam participa\u00e7\u00f5es em assaltos em cidades pernambucanas.<\/p>\n<p>Em rela\u00e7\u00e3o ao assalto ocorrido nesta quarta-feira (06) \u00e0 ag\u00eancia do banco Ita\u00fa, no Tabuleiro, a delegada explica que j\u00e1 iniciou as investiga\u00e7\u00f5es e conseguiu apontar particularidades neste caso, e disse j\u00e1 ter suspeitos identificados de participa\u00e7\u00e3o no crime.<\/p>\n<p>Investiga\u00e7\u00e3o em conjunto levou a pris\u00f5es<\/p>\n<p>Angelita disse que todas as pris\u00f5es s\u00f3 foram poss\u00edveis com o trabalho integrado de investiga\u00e7\u00e3o das pol\u00edcias civis do Nordeste. \u201cN\u00e3o posso tamb\u00e9m deixar de ressaltar que a popula\u00e7\u00e3o tamb\u00e9m tem papel importante divulgando informa\u00e7\u00f5es atrav\u00e9s do disque den\u00fancia. Garanto que a PC est\u00e1 se empenhando ao m\u00e1ximo, e, a exemplo das vezes anteriores, chegaremos aos respons\u00e1veis pelos crimes praticados contra os funcion\u00e1rios e as institui\u00e7\u00f5es financeiras de Alagoas\u201d, ressaltou.<\/p>\n<p>Em janeiro, a pol\u00edcia prendeu Max Diego Batista, Pablo dos Santos Almeida, Denilzo Jos\u00e9 de Melo, \u201cNem\u201d, e Anast\u00e1cio Vieira da Silva, acusados de assaltos nas ag\u00eancias do Bradesco das cidades de Cra\u00edbas, Feira Grande e S\u00e3o Sebasti\u00e3o.<\/p>\n<p>Josival Firmino da Silva, o \u201cJ\u00f3\u201d, de 31 anos, foi preso este ano e \u00e9 apontado como chefe de um dos grupos. Ele estava foragido desde a Opera\u00e7\u00e3o Tent\u00e1culos, realizada em julho de 2011. Outra quadrilha desarticulada pela Serb era comandada por Cristiano Martins Davi, o \u201cFazendeiro\u201d, preso em maio. Na ocasi\u00e3o, tamb\u00e9m foram detidos Edeilton de Meneses Melo, de 20 anos, e Alfredo Vieira de Lima, de 24.<\/p>\n<p>Em abril, a pol\u00edcia apresentou o resultado de uma grande opera\u00e7\u00e3o que culminou na pris\u00e3o de oito suspeitos e a apreens\u00e3o de um menor. Na ocasi\u00e3o, foram presos: Vanderson Jos\u00e9 dos Santos Oliveira, 19 anos, o \u201cVando\u201d, Andr\u00e9 Ferreira dos Santos, 24; Jos\u00e9 Alexandre Rocha dos Santos, 21, o \u201cXande\u201d, Thales Sena da Silva, 20; C\u00edcero Miguel Bernardo da Silva, 22, o \u201cCi\u00e7inho\u201d, Nat\u00e1lia Maria da Silva, 20 anos; Maria Manuelle Ferreira de Oliveira, 18, a \u201cManu\u201d, e Mickleide Campos Viana, 21, a \u201cLeide\u201d.<\/p>\n<p>Tr\u00eas outros integrantes do grupo criminoso j\u00e1 haviam sido presos em opera\u00e7\u00f5es anteriores e foram identificados como: Genildo Martins da Silva, Audic\u00e9lia Cavalcante e Daniel Paul\u00ednio da Silva.<\/p>\n<p>Banc\u00e1rios cobram da pol\u00edcia mais seguran\u00e7a<\/p>\n<p>Preocupados com a onda de assaltos que assola Alagoas desde o come\u00e7o do ano, o presidente do Sindicato dos Banc\u00e1rios de Alagoas, Jairo Fran\u00e7a, disse que na pr\u00f3xima segunda-feira (11) ir\u00e1 se reunir com os banc\u00e1rios para decidir se v\u00e3o realizar alguma manifesta\u00e7\u00e3o em rep\u00fadio aos assaltos.<\/p>\n<p>Jairo n\u00e3o quis se pronunciar sobre o motivo que estaria levando a essa quantidade de assaltos, mas n\u00e3o descarta a hip\u00f3tese que os assaltos podem ter liga\u00e7\u00e3o com elei\u00e7\u00f5es. \u201cTodo ano eleitoral, os casos de assaltos aumentam consideravelmente, mas ainda \u00e9 cedo para creditar a autoria dos assaltos. Cobro da pol\u00edcia uma posi\u00e7\u00e3o mais contundente. \u00c9 absurdo o que est\u00e1 acontecendo com os bancos em Alagoas\u201d, disse.<\/p>\n<p>S\u00f3 nos \u00faltimos quinze dias seis ag\u00eancias banc\u00e1rias foram assaltadas no estado. O \u00faltimo ataque foi registrado nessa madrugada na cidade de S\u00e3o Sebasti\u00e3o. Oito homens armados invadiram a ag\u00eancia e levaram revolveres, coletes e dinheiro.<\/td>\n<\/tr>\n<tr>\n<td><\/td>\n<\/tr>\n<tr>\n<td>Fonte: Tudo na Hora &#8211; Macei\u00f3<\/td>\n<\/tr>\n<\/tbody>\n<\/table>\n","protected":false},"excerpt":{"rendered":"<p>Ap\u00f3s o vig\u00e9simo s\u00e9timo assalto a banco registrado em Alagoas s\u00f3 neste ano &#8211; alguns com sequestros de gerentes e uso de explosivos -, a pol\u00edcia come\u00e7a a tra\u00e7ar algumas linhas de investiga\u00e7\u00e3o. A delegada Maria Angelita, titular da Se\u00e7\u00e3o Especial de Combate a Roubos a Bancos (Serb), da Divis\u00e3o Especial de Investiga\u00e7\u00e3o e Capturas [&hellip;]<\/p>\n","protected":false},"author":1,"featured_media":0,"comment_status":"open","ping_status":"open","sticky":false,"template":"","format":"standard","meta":{"ngg_post_thumbnail":0,"footnotes":""},"categories":[4],"tags":[],"class_list":["post-7864","post","type-post","status-publish","format-standard","hentry","category-noticias"],"_links":{"self":[{"href":"https:\/\/www.sindvalores.com.br\/site\/wp-json\/wp\/v2\/posts\/7864","targetHints":{"allow":["GET"]}}],"collection":[{"href":"https:\/\/www.sindvalores.com.br\/site\/wp-json\/wp\/v2\/posts"}],"about":[{"href":"https:\/\/www.sindvalores.com.br\/site\/wp-json\/wp\/v2\/types\/post"}],"author":[{"embeddable":true,"href":"https:\/\/www.sindvalores.com.br\/site\/wp-json\/wp\/v2\/users\/1"}],"replies":[{"embeddable":true,"href":"https:\/\/www.sindvalores.com.br\/site\/wp-json\/wp\/v2\/comments?post=7864"}],"version-history":[{"count":1,"href":"https:\/\/www.sindvalores.com.br\/site\/wp-json\/wp\/v2\/posts\/7864\/revisions"}],"predecessor-version":[{"id":7865,"href":"https:\/\/www.sindvalores.com.br\/site\/wp-json\/wp\/v2\/posts\/7864\/revisions\/7865"}],"wp:attachment":[{"href":"https:\/\/www.sindvalores.com.br\/site\/wp-json\/wp\/v2\/media?parent=7864"}],"wp:term":[{"taxonomy":"category","embeddable":true,"href":"https:\/\/www.sindvalores.com.br\/site\/wp-json\/wp\/v2\/categories?post=7864"},{"taxonomy":"post_tag","embeddable":true,"href":"https:\/\/www.sindvalores.com.br\/site\/wp-json\/wp\/v2\/tags?post=7864"}],"curies":[{"name":"wp","href":"https:\/\/api.w.org\/{rel}","templated":true}]}}