{"id":7870,"date":"2015-02-19T12:41:34","date_gmt":"2015-02-19T12:41:34","guid":{"rendered":"http:\/\/sindvalores.com.br\/site\/?p=7870"},"modified":"2015-02-19T12:41:34","modified_gmt":"2015-02-19T12:41:34","slug":"venda-de-uniformes-militares-e-policiais-sera-restrita","status":"publish","type":"post","link":"https:\/\/www.sindvalores.com.br\/site\/institucional\/noticias\/venda-de-uniformes-militares-e-policiais-sera-restrita","title":{"rendered":"\u00bb Venda de uniformes militares e policiais ser\u00e1 restrita"},"content":{"rendered":"<table border=\"0\" width=\"100%\">\n<tbody>\n<tr>\n<td>A presidente Dilma Rousseff sancionou a lei que restringe a venda de uniformes, distintivos e ins\u00edgnias das For\u00e7as Armadas, pol\u00edcias e corpos de bombeiros militares. De acordo com a Lei 12.664\/2012, o com\u00e9rcio desses itens s\u00f3 poder\u00e1 ocorrer em estabelecimentos credenciados pelos respectivos \u00f3rg\u00e3os, mediante apresenta\u00e7\u00e3o de identifica\u00e7\u00e3o funcional e autoriza\u00e7\u00e3o da institui\u00e7\u00e3o.<\/p>\n<p>Pela lei, as empresas de seguran\u00e7a privada ficam proibidas de usar distintivos, ins\u00edgnias e emblemas que possam ser confundidos com os dos \u00f3rg\u00e3os oficiais. A presidente Dilma vetou, no entanto, artigo que restringia a venda de uniformes de empresas privadas a estabelecimentos credenciados pela Pol\u00edcia Federal.<\/p>\n<p>Segundo avalia\u00e7\u00e3o do Minist\u00e9rio da Justi\u00e7a, o credenciamento das lojas n\u00e3o garantiria o controle da comercializa\u00e7\u00e3o, sendo necess\u00e1rio criar um sistema de registro dos uniformes de empresas de seguran\u00e7a privada em circula\u00e7\u00e3o. A atividade de seguran\u00e7a privada, contudo, permanece sob fiscaliza\u00e7\u00e3o da Pol\u00edcia Federal.<\/td>\n<\/tr>\n<tr>\n<td><\/td>\n<\/tr>\n<tr>\n<td>Fonte: R\u00e1dio Fandango &#8211; Cachoeira do Sul\/RS<\/td>\n<\/tr>\n<\/tbody>\n<\/table>\n","protected":false},"excerpt":{"rendered":"<p>A presidente Dilma Rousseff sancionou a lei que restringe a venda de uniformes, distintivos e ins\u00edgnias das For\u00e7as Armadas, pol\u00edcias e corpos de bombeiros militares. De acordo com a Lei 12.664\/2012, o com\u00e9rcio desses itens s\u00f3 poder\u00e1 ocorrer em estabelecimentos credenciados pelos respectivos \u00f3rg\u00e3os, mediante apresenta\u00e7\u00e3o de identifica\u00e7\u00e3o funcional e autoriza\u00e7\u00e3o da institui\u00e7\u00e3o. Pela lei, [&hellip;]<\/p>\n","protected":false},"author":1,"featured_media":0,"comment_status":"open","ping_status":"open","sticky":false,"template":"","format":"standard","meta":{"ngg_post_thumbnail":0,"footnotes":""},"categories":[4],"tags":[],"class_list":["post-7870","post","type-post","status-publish","format-standard","hentry","category-noticias"],"_links":{"self":[{"href":"https:\/\/www.sindvalores.com.br\/site\/wp-json\/wp\/v2\/posts\/7870","targetHints":{"allow":["GET"]}}],"collection":[{"href":"https:\/\/www.sindvalores.com.br\/site\/wp-json\/wp\/v2\/posts"}],"about":[{"href":"https:\/\/www.sindvalores.com.br\/site\/wp-json\/wp\/v2\/types\/post"}],"author":[{"embeddable":true,"href":"https:\/\/www.sindvalores.com.br\/site\/wp-json\/wp\/v2\/users\/1"}],"replies":[{"embeddable":true,"href":"https:\/\/www.sindvalores.com.br\/site\/wp-json\/wp\/v2\/comments?post=7870"}],"version-history":[{"count":1,"href":"https:\/\/www.sindvalores.com.br\/site\/wp-json\/wp\/v2\/posts\/7870\/revisions"}],"predecessor-version":[{"id":7871,"href":"https:\/\/www.sindvalores.com.br\/site\/wp-json\/wp\/v2\/posts\/7870\/revisions\/7871"}],"wp:attachment":[{"href":"https:\/\/www.sindvalores.com.br\/site\/wp-json\/wp\/v2\/media?parent=7870"}],"wp:term":[{"taxonomy":"category","embeddable":true,"href":"https:\/\/www.sindvalores.com.br\/site\/wp-json\/wp\/v2\/categories?post=7870"},{"taxonomy":"post_tag","embeddable":true,"href":"https:\/\/www.sindvalores.com.br\/site\/wp-json\/wp\/v2\/tags?post=7870"}],"curies":[{"name":"wp","href":"https:\/\/api.w.org\/{rel}","templated":true}]}}