{"id":7894,"date":"2015-02-19T13:04:18","date_gmt":"2015-02-19T13:04:18","guid":{"rendered":"http:\/\/sindvalores.com.br\/site\/?p=7894"},"modified":"2015-02-19T13:04:18","modified_gmt":"2015-02-19T13:04:18","slug":"carro-forte-de-luto","status":"publish","type":"post","link":"https:\/\/www.sindvalores.com.br\/site\/institucional\/noticias\/carro-forte-de-luto","title":{"rendered":"\u00bb CARRO FORTE DE LUTO"},"content":{"rendered":"<address>Infelizmente perdemos mais um\u00a0colega para os bandidos, para a inseguran\u00e7a p\u00fablica e para o descaso das empresas. Neste ano j\u00e1 \u00e9 a\u00a0segunda morte em ataque a carro\u00a0forte. Na quinta feira, 21\/06, Gilmar\u00a0Barbosa, da empresa Prosegur foi\u00a0atacado pelos bandidos assim que\u00a0saiu do carro forte. Ele levou um\u00a0tiro na cabe\u00e7a, de fuzil e morreu\u00a0na hora. Outro colega tamb\u00e9m foi\u00a0atingido no torax e na perna e est\u00e1\u00a0internado em estado grave.<\/address>\n<address>\u00a0<\/address>\n<address>No dia 08 de maio foi o colega Edison Paci\u00eancia Brand\u00e3o, de 42 anos da\u00a0Empresa Transvip no Rio de Janeiro,\u00a0Pavuna, tamb\u00e9m morto com um tiro\u00a0na cabe\u00e7a em mais um ataque a carro\u00a0forte. Os vigilantes, assim que saem\u00a0do carro forte para fazer o abastecimento de caixas eletr\u00f4nicos ou outra\u00a0opera\u00e7\u00e3o, ficam vulner\u00e1veis e ainda\u00a0precisam passar no meio de muitas\u00a0pessoas que transitam no local, na\u00a0maioria das vezes n\u00e3o tem lugar para\u00a0estacionar o carro forte, entre outros\u00a0in\u00fameros problemas enfrentados no\u00a0dia-a-dia que mostra a fragilidade da\u00a0seguran\u00e7a.<\/address>\n<address>\u00a0<\/address>\n<address>No pr\u00f3ximo dia 18 de julho a Comiss\u00e3o Consultiva para Assuntos de\u00a0Seguran\u00e7a Privada -CCASP que julga\u00a0e aplica penalidades nas empresas se\u00a0re\u00fane na Policia Federal em Bras\u00edlia.\u00a0E mais uma vez empresas de transporte de valores ser\u00e3o punidas por\u00a0coletes imprest\u00e1veis, armas quebradas, ve\u00edculos sem condi\u00e7\u00f5es de trafego, entre outras irresponsabilidades.\u00a0Mas o que mais nos mata s\u00e3o as rotas inseguras, as jornadas escravas,\u00a0o abastecimento de caixa eletr\u00f4nico\u00a0em lugares inseguros, a parada de\u00a0carros e o deslocamento no meio do\u00a0publico e totalmente inseguro, a falta\u00a0de radio de comunica\u00e7\u00e3o, substitu\u00ed-dos irresponsavelmente por celulares. Tudo isto promovido pelas empresas, com o aval dos bancos.<\/address>\n<address>\u00a0<\/address>\n<address>A morte do colega Gilmar Barbosa em Hortol\u00e2ndia, S\u00e3o Paulo,\u00a0atinge a todos n\u00f3s, em qualquer\u00a0lugar do Brasil.\u00a0Fonte: CNTV<\/address>\n<address>\u00a0<\/address>\n<address>Por isto, nesta quarta feira, 27\/06, estamos de LUTO em homenagem e\u00a0respeito \u00e0 mem\u00f3ria do colega<br \/>\nmorto e em solidariedade aos seus familiares.<\/address>\n<address>Todo carro\u00a0forte no Pa\u00eds deve estar com uma fita preta neste 27\/06 em alus\u00e3o ao nosso luto.\u00a0<\/address>\n<address>\u00a0<\/address>\n<address>27 DE JUNHO \u2013 LUTO NACIONAL DOS VIGILANTES DE CARRO FORTECONTRA<\/address>\n<address>AS MORTES E POR CONDI\u00c7\u00d5ES DE TRABALHO SEGURAS.<\/address>\n","protected":false},"excerpt":{"rendered":"<p>Infelizmente perdemos mais um\u00a0colega para os bandidos, para a inseguran\u00e7a p\u00fablica e para o descaso das empresas. Neste ano j\u00e1 \u00e9 a\u00a0segunda morte em ataque a carro\u00a0forte. Na quinta feira, 21\/06, Gilmar\u00a0Barbosa, da empresa Prosegur foi\u00a0atacado pelos bandidos assim que\u00a0saiu do carro forte. Ele levou um\u00a0tiro na cabe\u00e7a, de fuzil e morreu\u00a0na hora. Outro colega [&hellip;]<\/p>\n","protected":false},"author":1,"featured_media":0,"comment_status":"open","ping_status":"open","sticky":false,"template":"","format":"standard","meta":{"ngg_post_thumbnail":0,"footnotes":""},"categories":[4],"tags":[],"class_list":["post-7894","post","type-post","status-publish","format-standard","hentry","category-noticias"],"_links":{"self":[{"href":"https:\/\/www.sindvalores.com.br\/site\/wp-json\/wp\/v2\/posts\/7894","targetHints":{"allow":["GET"]}}],"collection":[{"href":"https:\/\/www.sindvalores.com.br\/site\/wp-json\/wp\/v2\/posts"}],"about":[{"href":"https:\/\/www.sindvalores.com.br\/site\/wp-json\/wp\/v2\/types\/post"}],"author":[{"embeddable":true,"href":"https:\/\/www.sindvalores.com.br\/site\/wp-json\/wp\/v2\/users\/1"}],"replies":[{"embeddable":true,"href":"https:\/\/www.sindvalores.com.br\/site\/wp-json\/wp\/v2\/comments?post=7894"}],"version-history":[{"count":1,"href":"https:\/\/www.sindvalores.com.br\/site\/wp-json\/wp\/v2\/posts\/7894\/revisions"}],"predecessor-version":[{"id":7895,"href":"https:\/\/www.sindvalores.com.br\/site\/wp-json\/wp\/v2\/posts\/7894\/revisions\/7895"}],"wp:attachment":[{"href":"https:\/\/www.sindvalores.com.br\/site\/wp-json\/wp\/v2\/media?parent=7894"}],"wp:term":[{"taxonomy":"category","embeddable":true,"href":"https:\/\/www.sindvalores.com.br\/site\/wp-json\/wp\/v2\/categories?post=7894"},{"taxonomy":"post_tag","embeddable":true,"href":"https:\/\/www.sindvalores.com.br\/site\/wp-json\/wp\/v2\/tags?post=7894"}],"curies":[{"name":"wp","href":"https:\/\/api.w.org\/{rel}","templated":true}]}}