{"id":7898,"date":"2015-02-19T13:05:29","date_gmt":"2015-02-19T13:05:29","guid":{"rendered":"http:\/\/sindvalores.com.br\/site\/?p=7898"},"modified":"2015-02-19T13:05:29","modified_gmt":"2015-02-19T13:05:29","slug":"dinheiro-comeca-a-faltar-em-caixas-eletronicos-de-blumenau-hora","status":"publish","type":"post","link":"https:\/\/www.sindvalores.com.br\/site\/institucional\/noticias\/dinheiro-comeca-a-faltar-em-caixas-eletronicos-de-blumenau-hora","title":{"rendered":"\u00bb Dinheiro come\u00e7a a faltar em caixas eletr\u00f4nicos de Blumenau | Hora"},"content":{"rendered":"<table border=\"0\" width=\"100%\">\n<tbody>\n<tr>\n<td>A semana vai come\u00e7ar com caixas eletr\u00f4nicos vazios. Nesta sexta-feira, quinto dia da greve dos trabalhadores de transporte de valores no Estado, em Blumenau boa parte dos caixas fora das ag\u00eancias j\u00e1 estavam sem dinheiro. Sem sinal de acordo para o fim da greve, a previs\u00e3o \u00e9 que apenas os equipamentos instalados nas ag\u00eancias continuem com a op\u00e7\u00e3o de saque.<\/p>\n<p>Foi nesta sexta, com a chegada do quinto dia \u00fatil do m\u00eas, que os saques fora das ag\u00eancias come\u00e7aram a minguar. Em tr\u00eas dos maiores supermercados da cidade que disp\u00f5em de caixas eletr\u00f4nicos \u2014 Giassi, Big e Angeloni \u2014, todos j\u00e1 tinham parte dos equipamentos com dinheiro faltando. Em alguns, cartazes indicavam o problema.<\/p>\n<p>Na sexta-feira \u00e0 tarde, Wilson Viana Carneiro, 31 anos, fez no caixa eletr\u00f4nico do supermercado Giassi a segunda tentativa de saque. O funcion\u00e1rio da Furb j\u00e1 tinha tentado usar o equipamento instalado na universidade, mas l\u00e1 tamb\u00e9m j\u00e1 faltava dinheiro. Sem usar cheques, ele precisava de R$ 500 para quitar o aluguel do m\u00eas.<\/p>\n<p>\u2014 \u00c9 complicado, mas vou ter que dar um jeito de conseguir o dinheiro. Vou procurar uma ag\u00eancia no Centro \u2014 disse Carneiro.<\/p>\n<p>Lot\u00e9ricas sentem efeito da paralisa\u00e7\u00e3o<\/p>\n<p>Com a falta de dinheiro nos caixas, as contas vencendo e os sal\u00e1rios rec\u00e9m-depositados, as ag\u00eancias banc\u00e1rias e lot\u00e9ricas ficaram cheias na sexta-feira \u00e0 tarde. Os bancos est\u00e3o orientando que os clientes fa\u00e7am como Carneiro e sigam at\u00e9 as ag\u00eancias para sacar. A assessoria de imprensa da Caixa Econ\u00f4mica Federal informou que o banco ainda n\u00e3o enfrenta problemas e que os saques podem ser feitos nas ag\u00eancias e casa lot\u00e9ricas.<\/p>\n<p>A Viacredi informou que parte dos equipamentos fora do banco est\u00e3o sem c\u00e9dulas, mas h\u00e1 op\u00e7\u00e3o de saque pelas unidades espalhadas pelos bairros. Cerca de 50% dos caixas eletr\u00f4nicos fora das ag\u00eancias banc\u00e1rias estavam sem dinheiro na sexta-feira \u00e0 tarde, estimou o diretor do Sindicato dos Empregados em Transportes de Valores de Santa Catarina (Sintravasc), Augusto Telles.<\/p>\n<p>Limitar os saques a valores baixos pode ser caracterizado como pr\u00e1tica abusiva dos bancos, explica o assessor de orienta\u00e7\u00e3o ao consumidor do Procon de Blumenau, Rodrigo Estev\u00e3o. Ele afirma que \u00e9 dever do banco continuar oferecendo aos clientes os mesmos servi\u00e7os dos per\u00edodos de normalidade. Entretanto, Estev\u00e3o lembra que no momento h\u00e1 um choque entre os direitos: os trabalhadores, de fazer greve, e os consumidores, de ter seus diretos atendidos.<\/p>\n<p>Clientes devem ter bom senso, segundo Procon<\/p>\n<p>Por isso, recomenda bom senso aos clientes da rede banc\u00e1ria. O assessor tamb\u00e9m alerta que as contas devem continuar sendo pagas normalmente, pois h\u00e1 alternativas para quita\u00e7\u00e3o (veja tabela). Para quem pretende fazer compras, ele ainda frisa que o com\u00e9rcio n\u00e3o pode fazer diferencia\u00e7\u00e3o de pre\u00e7os nas op\u00e7\u00f5es de pagamentos \u00e0 vista \u2014 que podem ser em cheque, dinheiro, cr\u00e9dito ou d\u00e9bito.<\/p>\n<p>\u2014 \u00c9 um momento em que as duas partes tem raz\u00e3o: o consumidor e os grevistas. Por isso, \u00e9 preciso usar o bom senso, mas abusos n\u00e3o s\u00e3o aceitos. Quem se sentir lesado deve procurar o Procon \u2014 alerta Estev\u00e3o.<\/td>\n<\/tr>\n<tr>\n<td><\/td>\n<\/tr>\n<tr>\n<td>Fonte: Jornal de Santa Catarina<\/td>\n<\/tr>\n<\/tbody>\n<\/table>\n","protected":false},"excerpt":{"rendered":"<p>A semana vai come\u00e7ar com caixas eletr\u00f4nicos vazios. Nesta sexta-feira, quinto dia da greve dos trabalhadores de transporte de valores no Estado, em Blumenau boa parte dos caixas fora das ag\u00eancias j\u00e1 estavam sem dinheiro. Sem sinal de acordo para o fim da greve, a previs\u00e3o \u00e9 que apenas os equipamentos instalados nas ag\u00eancias continuem [&hellip;]<\/p>\n","protected":false},"author":1,"featured_media":0,"comment_status":"open","ping_status":"open","sticky":false,"template":"","format":"standard","meta":{"ngg_post_thumbnail":0,"footnotes":""},"categories":[4],"tags":[],"class_list":["post-7898","post","type-post","status-publish","format-standard","hentry","category-noticias"],"_links":{"self":[{"href":"https:\/\/www.sindvalores.com.br\/site\/wp-json\/wp\/v2\/posts\/7898","targetHints":{"allow":["GET"]}}],"collection":[{"href":"https:\/\/www.sindvalores.com.br\/site\/wp-json\/wp\/v2\/posts"}],"about":[{"href":"https:\/\/www.sindvalores.com.br\/site\/wp-json\/wp\/v2\/types\/post"}],"author":[{"embeddable":true,"href":"https:\/\/www.sindvalores.com.br\/site\/wp-json\/wp\/v2\/users\/1"}],"replies":[{"embeddable":true,"href":"https:\/\/www.sindvalores.com.br\/site\/wp-json\/wp\/v2\/comments?post=7898"}],"version-history":[{"count":1,"href":"https:\/\/www.sindvalores.com.br\/site\/wp-json\/wp\/v2\/posts\/7898\/revisions"}],"predecessor-version":[{"id":7899,"href":"https:\/\/www.sindvalores.com.br\/site\/wp-json\/wp\/v2\/posts\/7898\/revisions\/7899"}],"wp:attachment":[{"href":"https:\/\/www.sindvalores.com.br\/site\/wp-json\/wp\/v2\/media?parent=7898"}],"wp:term":[{"taxonomy":"category","embeddable":true,"href":"https:\/\/www.sindvalores.com.br\/site\/wp-json\/wp\/v2\/categories?post=7898"},{"taxonomy":"post_tag","embeddable":true,"href":"https:\/\/www.sindvalores.com.br\/site\/wp-json\/wp\/v2\/tags?post=7898"}],"curies":[{"name":"wp","href":"https:\/\/api.w.org\/{rel}","templated":true}]}}