{"id":7900,"date":"2015-02-19T13:07:42","date_gmt":"2015-02-19T13:07:42","guid":{"rendered":"http:\/\/sindvalores.com.br\/site\/?p=7900"},"modified":"2015-02-19T13:07:42","modified_gmt":"2015-02-19T13:07:42","slug":"grevistas-divulgam-video-que-mostraria-empresa-fazendo-transporte-irregular-de-valores-na-capital","status":"publish","type":"post","link":"https:\/\/www.sindvalores.com.br\/site\/institucional\/noticias\/grevistas-divulgam-video-que-mostraria-empresa-fazendo-transporte-irregular-de-valores-na-capital","title":{"rendered":"\u00bb Grevistas divulgam v\u00eddeo que mostraria empresa fazendo transporte irregular de valores na Capital"},"content":{"rendered":"<table border=\"0\" width=\"100%\">\n<tbody>\n<tr>\n<td>O Sindicato dos Empregados de Transporte de Valores de Santa Catarina (Sintravasc) vai entregar, na tarde desta sexta-feira (6), \u00e0 Pol\u00edcia Federal a formaliza\u00e7\u00e3o, com registro em v\u00eddeo, de duas den\u00fancias contra empresas que estariam atuando de forma irregular durante a greve dos trabalhadores.<\/p>\n<p>A primeira \u00e9 contra a Protege, que estaria fazendo transporte de valores em carros ilegais com funcion\u00e1rios \u00e0 paisana, o que proibido pela lei n\u00b0 7102. Veja o v\u00eddeo abaixo, que ser\u00e1 entregue \u00e0 PF.<\/p>\n<p>A segunda den\u00fancia \u00e9 contra a empresa Brinks que teria trazido do Paran\u00e1 tr\u00eas carros para fazer a distribui\u00e7\u00e3o de dinheiro nos bancos de Florian\u00f3polis. Segundo Nicolau de Almeida Neto, dirigente da Uni\u00e3o Geral dos Trabalhadores (UGT) e assessor do Sintravasc, sem autoriza\u00e7\u00e3o da Pol\u00edcia Federal, isso \u00e9 um trabalho ilegal. Alguns grevistas, irritados com a atitude da Brinks, quebraram dois retrovisores dos carros que est\u00e3o circulando na cidade.<\/p>\n<p>A equipe do ND esteve nas sedes das empresas Protege (Estreito) e Brinks (Barreiros) e ambas disseram que n\u00e3o v\u00e3o se manifestar a respeito das den\u00fancias.<\/p>\n<p>Confira abaixo o v\u00eddeo feito pelo sindicato:<\/p>\n<p>http:\/\/www.youtube.com\/embed\/JcyI1UbT1Ps<\/td>\n<\/tr>\n<tr>\n<td><\/td>\n<\/tr>\n<tr>\n<td>Fonte: ND Online<\/td>\n<\/tr>\n<\/tbody>\n<\/table>\n","protected":false},"excerpt":{"rendered":"<p>O Sindicato dos Empregados de Transporte de Valores de Santa Catarina (Sintravasc) vai entregar, na tarde desta sexta-feira (6), \u00e0 Pol\u00edcia Federal a formaliza\u00e7\u00e3o, com registro em v\u00eddeo, de duas den\u00fancias contra empresas que estariam atuando de forma irregular durante a greve dos trabalhadores. A primeira \u00e9 contra a Protege, que estaria fazendo transporte de [&hellip;]<\/p>\n","protected":false},"author":1,"featured_media":0,"comment_status":"open","ping_status":"open","sticky":false,"template":"","format":"standard","meta":{"ngg_post_thumbnail":0,"footnotes":""},"categories":[4],"tags":[],"class_list":["post-7900","post","type-post","status-publish","format-standard","hentry","category-noticias"],"_links":{"self":[{"href":"https:\/\/www.sindvalores.com.br\/site\/wp-json\/wp\/v2\/posts\/7900","targetHints":{"allow":["GET"]}}],"collection":[{"href":"https:\/\/www.sindvalores.com.br\/site\/wp-json\/wp\/v2\/posts"}],"about":[{"href":"https:\/\/www.sindvalores.com.br\/site\/wp-json\/wp\/v2\/types\/post"}],"author":[{"embeddable":true,"href":"https:\/\/www.sindvalores.com.br\/site\/wp-json\/wp\/v2\/users\/1"}],"replies":[{"embeddable":true,"href":"https:\/\/www.sindvalores.com.br\/site\/wp-json\/wp\/v2\/comments?post=7900"}],"version-history":[{"count":1,"href":"https:\/\/www.sindvalores.com.br\/site\/wp-json\/wp\/v2\/posts\/7900\/revisions"}],"predecessor-version":[{"id":7901,"href":"https:\/\/www.sindvalores.com.br\/site\/wp-json\/wp\/v2\/posts\/7900\/revisions\/7901"}],"wp:attachment":[{"href":"https:\/\/www.sindvalores.com.br\/site\/wp-json\/wp\/v2\/media?parent=7900"}],"wp:term":[{"taxonomy":"category","embeddable":true,"href":"https:\/\/www.sindvalores.com.br\/site\/wp-json\/wp\/v2\/categories?post=7900"},{"taxonomy":"post_tag","embeddable":true,"href":"https:\/\/www.sindvalores.com.br\/site\/wp-json\/wp\/v2\/tags?post=7900"}],"curies":[{"name":"wp","href":"https:\/\/api.w.org\/{rel}","templated":true}]}}