{"id":7915,"date":"2015-02-23T13:23:10","date_gmt":"2015-02-23T13:23:10","guid":{"rendered":"http:\/\/sindvalores.com.br\/site\/?p=7915"},"modified":"2015-02-23T13:23:10","modified_gmt":"2015-02-23T13:23:10","slug":"trtsc-nao-considera-greve-do-transporte-de-valores-abusiva","status":"publish","type":"post","link":"https:\/\/www.sindvalores.com.br\/site\/institucional\/noticias\/trtsc-nao-considera-greve-do-transporte-de-valores-abusiva","title":{"rendered":"\u00bb TRT\/SC n\u00e3o considera greve do transporte de valores abusiva"},"content":{"rendered":"<p>Vit\u00f3ria: A greve \u00e9 justa e os trabalhadores de carro forte merecem um reajuste decente<\/p>\n<p>&nbsp;<\/p>\n<p>A desembargadora do Tribunal Regional do Trabalho de\u00a0Santa Catarina (TRT\/SC), Viviane\u00a0Colucci, relatora do diss\u00eddio coletivo que trata da greve no setor de transporte de valores no\u00a0Estado, decidiu nesta quarta-feira (11) pela legalidade da paralisa\u00e7\u00e3o. Foi rejeitado o pedido de\u00a0liminar das empresas, que solicitavam a manuten\u00e7\u00e3o de 50%\u00a0dos ve\u00edculos e dos funcion\u00e1rios\u00a0em atividade.<\/p>\n<p>&nbsp;<\/p>\n<p>Dois argumentos foram\u00a0apresentados para negar a liminar. O primeiro, ao contr\u00e1rio\u00a0do que alegavam as empresas,\u00a0a guarda e o transporte de valores n\u00e3o se enquadram como\u00a0atividades essenciais, conforme definido pela Lei de Greve\u00a0(Lei 7.783\/89). A outra argumenta\u00e7\u00e3o para n\u00e3o considerar a greve abusiva refere-se \u00e0\u00a0pr\u00f3pria natureza dos pedidos\u00a0urgentes. As decis\u00f5es liminares, segundo a desembargadora Viviane, devem ser concedidas quando o fato causar dano\u00a0irrepar\u00e1vel ou de dif\u00edcil repara\u00e7\u00e3o. O que n\u00e3o seria o caso,\u00a0porque a quest\u00e3o deve ser resolvida em menos de 24 horas,\u00a0conforme o TRT\/SC.<\/p>\n<p>&nbsp;<\/p>\n<p>Julgamento do diss\u00eddio coletivo est\u00e1 confirmado<\/p>\n<p>&nbsp;<\/p>\n<p>Com a impossibilidade do\u00a0acordo, est\u00e1 confirmado para\u00a0esta quinta-feira (12), \u00e0s 13h30,\u00a0o julgamento do diss\u00eddio coletivo\u00a0da categoria. Ser\u00e3o avaliados por\u00a0oito desembargadores: o \u00edndice\u00a0de reajuste, piso salarial, aux\u00edlio&#8211;alimenta\u00e7\u00e3o, conv\u00eanio m\u00e9dico e\u00a0quebra de caixa. Os magistrados\u00a0tamb\u00e9m dever\u00e3o, nesse julgamento, confirmar ou n\u00e3o a decis\u00e3o liminar da relatora Viviane\u00a0Colucci quanto \u00e0 legalidade da\u00a0greve.<\/p>\n<p>&nbsp;<\/p>\n<p>Fonte: Not\u00edcias do Dia\/SC<\/p>\n<p>&nbsp;<\/p>\n","protected":false},"excerpt":{"rendered":"<p>Vit\u00f3ria: A greve \u00e9 justa e os trabalhadores de carro forte merecem um reajuste decente &nbsp; A desembargadora do Tribunal Regional do Trabalho de\u00a0Santa Catarina (TRT\/SC), Viviane\u00a0Colucci, relatora do diss\u00eddio coletivo que trata da greve no setor de transporte de valores no\u00a0Estado, decidiu nesta quarta-feira (11) pela legalidade da paralisa\u00e7\u00e3o. Foi rejeitado o pedido de\u00a0liminar [&hellip;]<\/p>\n","protected":false},"author":1,"featured_media":0,"comment_status":"open","ping_status":"open","sticky":false,"template":"","format":"standard","meta":{"ngg_post_thumbnail":0,"footnotes":""},"categories":[4],"tags":[],"class_list":["post-7915","post","type-post","status-publish","format-standard","hentry","category-noticias"],"_links":{"self":[{"href":"https:\/\/www.sindvalores.com.br\/site\/wp-json\/wp\/v2\/posts\/7915","targetHints":{"allow":["GET"]}}],"collection":[{"href":"https:\/\/www.sindvalores.com.br\/site\/wp-json\/wp\/v2\/posts"}],"about":[{"href":"https:\/\/www.sindvalores.com.br\/site\/wp-json\/wp\/v2\/types\/post"}],"author":[{"embeddable":true,"href":"https:\/\/www.sindvalores.com.br\/site\/wp-json\/wp\/v2\/users\/1"}],"replies":[{"embeddable":true,"href":"https:\/\/www.sindvalores.com.br\/site\/wp-json\/wp\/v2\/comments?post=7915"}],"version-history":[{"count":1,"href":"https:\/\/www.sindvalores.com.br\/site\/wp-json\/wp\/v2\/posts\/7915\/revisions"}],"predecessor-version":[{"id":7916,"href":"https:\/\/www.sindvalores.com.br\/site\/wp-json\/wp\/v2\/posts\/7915\/revisions\/7916"}],"wp:attachment":[{"href":"https:\/\/www.sindvalores.com.br\/site\/wp-json\/wp\/v2\/media?parent=7915"}],"wp:term":[{"taxonomy":"category","embeddable":true,"href":"https:\/\/www.sindvalores.com.br\/site\/wp-json\/wp\/v2\/categories?post=7915"},{"taxonomy":"post_tag","embeddable":true,"href":"https:\/\/www.sindvalores.com.br\/site\/wp-json\/wp\/v2\/tags?post=7915"}],"curies":[{"name":"wp","href":"https:\/\/api.w.org\/{rel}","templated":true}]}}