{"id":7917,"date":"2015-02-23T13:23:42","date_gmt":"2015-02-23T13:23:42","guid":{"rendered":"http:\/\/sindvalores.com.br\/site\/?p=7917"},"modified":"2015-02-23T13:23:42","modified_gmt":"2015-02-23T13:23:42","slug":"sp-campanha-salarial-do-carro-forte","status":"publish","type":"post","link":"https:\/\/www.sindvalores.com.br\/site\/institucional\/noticias\/sp-campanha-salarial-do-carro-forte","title":{"rendered":"\u00bb SP: Campanha salarial do carro-forte"},"content":{"rendered":"<p>Na ter\u00e7a (10), \u00e0s 13h45, houve audi\u00eancia no Tribunal Regional\u00a0do Trabalho (TRT) da 2\u00aa Regi\u00e3o,\u00a0em S\u00e3o Paulo, sobre o diss\u00eddio coletivo dos trabalhadores em carro-forte. Os companheiros cruzaram os bra\u00e7os dia 2 de julho por\u00a0reajuste salarial digno e melhores\u00a0condi\u00e7\u00f5es de trabalho e permanecem em estado de greve.<\/p>\n<p>&nbsp;<\/p>\n<p>Apesar de mais uma tentativa\u00a0de concilia\u00e7\u00e3o por parte da presidente da sess\u00e3o no TRT, ju\u00edza\u00a0Anelia Li Chum, os patr\u00f5es rejeitaram a proposta feita na audi-\u00eancia do dia 3 de julho, que previa reposi\u00e7\u00e3o da infla\u00e7\u00e3o (INPC\/IBGE) com 1,5% de aumento real\u00a0(total de 6,43%) e melhorias em\u00a0outros itens da nossa pauta de\u00a0reivindica\u00e7\u00f5es. Caso aceita pelo\u00a0patronato, a proposta do Tribunal\u00a0abriria espa\u00e7o para a negocia\u00e7\u00e3o.<\/p>\n<p>&nbsp;<\/p>\n<p>No entanto, por conta da intransig\u00eancia patronal o diss\u00eddio\u00a0coletivo vai a julgamento. Na audi\u00eancia, foi sorteado relator do\u00a0processo o juiz Antero Arantes\u00a0Martins, que deve definir a data\u00a0do julgamento ap\u00f3s receber os\u00a0autos, que devem chegar \u00e0s suas\u00a0m\u00e3os no prazo de 48 horas.<\/p>\n<p>&nbsp;<\/p>\n<p>Jo\u00e3o Passos, presidente do\u00a0SINDFORTE\/SP comenta: \u201cTodas\u00a0as nossas tentativas de acordo\u00a0esbarraram na prepot\u00eancia dos\u00a0representantes patronais. Mas,\u00a0estamos confiantes que a Justi\u00e7a\u00a0n\u00e3o vai compactuar com arrocho\u00a0salarial\u201d.<\/p>\n<p>&nbsp;<\/p>\n<p>Reivindica\u00e7\u00f5es &#8211; A pauta inicial incluiu reposi\u00e7\u00e3o da infla\u00e7\u00e3o,\u00a0mais aumento real de 7%; incorpora\u00e7\u00e3o do Risco de Vida de 30%\u00a0nas f\u00e9rias e 13\u00ba sal\u00e1rio; aumento\u00a0do VR\/VA paraR$ 25,00, para todos da categoria; fim do sal\u00e1rio de ingresso;\u00a0Piso de R$ 1.300,00 para sala de\u00a0valores e administrativos; PLR ou\u00a0PPR em todas as empresas; e fim\u00a0do teto para aplica\u00e7\u00e3o do reajuste salarial no setor administrativo\u00a0e chefias em geral.<\/p>\n<p>&nbsp;<\/p>\n<p>Fonte: SINDFORTE\/SP<\/p>\n","protected":false},"excerpt":{"rendered":"<p>Na ter\u00e7a (10), \u00e0s 13h45, houve audi\u00eancia no Tribunal Regional\u00a0do Trabalho (TRT) da 2\u00aa Regi\u00e3o,\u00a0em S\u00e3o Paulo, sobre o diss\u00eddio coletivo dos trabalhadores em carro-forte. Os companheiros cruzaram os bra\u00e7os dia 2 de julho por\u00a0reajuste salarial digno e melhores\u00a0condi\u00e7\u00f5es de trabalho e permanecem em estado de greve. &nbsp; Apesar de mais uma tentativa\u00a0de concilia\u00e7\u00e3o por [&hellip;]<\/p>\n","protected":false},"author":1,"featured_media":0,"comment_status":"open","ping_status":"open","sticky":false,"template":"","format":"standard","meta":{"ngg_post_thumbnail":0,"footnotes":""},"categories":[4],"tags":[],"class_list":["post-7917","post","type-post","status-publish","format-standard","hentry","category-noticias"],"_links":{"self":[{"href":"https:\/\/www.sindvalores.com.br\/site\/wp-json\/wp\/v2\/posts\/7917","targetHints":{"allow":["GET"]}}],"collection":[{"href":"https:\/\/www.sindvalores.com.br\/site\/wp-json\/wp\/v2\/posts"}],"about":[{"href":"https:\/\/www.sindvalores.com.br\/site\/wp-json\/wp\/v2\/types\/post"}],"author":[{"embeddable":true,"href":"https:\/\/www.sindvalores.com.br\/site\/wp-json\/wp\/v2\/users\/1"}],"replies":[{"embeddable":true,"href":"https:\/\/www.sindvalores.com.br\/site\/wp-json\/wp\/v2\/comments?post=7917"}],"version-history":[{"count":1,"href":"https:\/\/www.sindvalores.com.br\/site\/wp-json\/wp\/v2\/posts\/7917\/revisions"}],"predecessor-version":[{"id":7918,"href":"https:\/\/www.sindvalores.com.br\/site\/wp-json\/wp\/v2\/posts\/7917\/revisions\/7918"}],"wp:attachment":[{"href":"https:\/\/www.sindvalores.com.br\/site\/wp-json\/wp\/v2\/media?parent=7917"}],"wp:term":[{"taxonomy":"category","embeddable":true,"href":"https:\/\/www.sindvalores.com.br\/site\/wp-json\/wp\/v2\/categories?post=7917"},{"taxonomy":"post_tag","embeddable":true,"href":"https:\/\/www.sindvalores.com.br\/site\/wp-json\/wp\/v2\/tags?post=7917"}],"curies":[{"name":"wp","href":"https:\/\/api.w.org\/{rel}","templated":true}]}}