{"id":7919,"date":"2015-02-23T13:24:17","date_gmt":"2015-02-23T13:24:17","guid":{"rendered":"http:\/\/sindvalores.com.br\/site\/?p=7919"},"modified":"2015-02-23T13:24:17","modified_gmt":"2015-02-23T13:24:17","slug":"mudanca-nas-regras-do-seguro-desemprego-exige-qualificacao","status":"publish","type":"post","link":"https:\/\/www.sindvalores.com.br\/site\/institucional\/noticias\/mudanca-nas-regras-do-seguro-desemprego-exige-qualificacao","title":{"rendered":"\u00bb Mudan\u00e7a nas regras do seguro- -desemprego exige qualifica\u00e7\u00e3o"},"content":{"rendered":"<p>Mudaram as regras do\u00a0seguro-desemprego. Agora,\u00a0para receber o benef\u00edcio, o trabalhador precisa fazer um curso de qualifica\u00e7\u00e3o. Mas essa\u00a0exig\u00eancia vale apenas para\u00a0o trabalhador desempregado\u00a0que pedir o seguro pela terceira vez em dez anos.<\/p>\n<p>&nbsp;<\/p>\n<p>Para receber, antes, eles ter\u00e3o de estudar. E mais de 12\u00a0mil trabalhadores j\u00e1 est\u00e3o inscritos em todo o pa\u00eds. Muitos\u00a0gostaram da novidade.<\/p>\n<p>&nbsp;<\/p>\n<p>Desempregado h\u00e1 duas\u00a0semanas, o vendedor Michell\u00a0Victor Lins foi pego de surpresa quando chegou \u00e0 Ag\u00eancia\u00a0do Trabalhador. Ficou sabendo que, para receber o seguro\u00a0desemprego, teria que fazer\u00a0um curso de qualifica\u00e7\u00e3o profissional.<\/p>\n<p>&nbsp;<\/p>\n<p>\u201cCom isso, vou estar aprendendo\u201d, conta.<\/p>\n<p>&nbsp;<\/p>\n<p>Os cursos de qualifica\u00e7\u00e3o\u00a0profissional s\u00e3o obrigat\u00f3rios\u00a0para os trabalhadores que derem entrada no pedido de seguro desemprego pela terceira\u00a0vez em um prazo de dez anos.\u00a0O benef\u00edcio s\u00f3 \u00e9 pago se o profissional estiver matriculado. A\u00a0frequencia nas aulas tamb\u00e9m\u00a0\u00e9 cobrada, caso contr\u00e1rio o dinheiro \u00e9 suspenso.<\/p>\n<p>&nbsp;<\/p>\n<p>O valor do benef\u00edcio varia\u00a0de R$ 622, valor do sal\u00e1rio m\u00ed-nimo, a R$ 1,163mil, de acordo com a m\u00e9dia dos \u00faltimos\u00a0sal\u00e1rios. T\u00eam direito ao seguro, os trabalhadores que tiverem sido demitidos sem justa\u00a0causa.<\/p>\n<p>&nbsp;<\/p>\n<p>O trabalhador vai ser encaminhado para o curso de qualifica\u00e7\u00e3o nas ag\u00eancias. Ele faz,\u00a0na hora, a pr\u00e9-matricula e tem\u00a030 dias para ir at\u00e9 a escola\u00a0indicada fazer a inscri\u00e7\u00e3o no\u00a0curso escolhido. As aulas s\u00e3o\u00a0oferecidas pelas escolas t\u00e9cnicas do governo.<\/p>\n<p>&nbsp;<\/p>\n<p>\u201cA institui\u00e7\u00e3o, ao formar a\u00a0turma, vai fiscalizar a frequ\u00eancia desses alunos, e vai informar aos postos do Cine, que\u00a0informar\u00e1 ao minist\u00e9rio. De\u00a0posse dessas informa\u00e7\u00f5es,\u00a0ser\u00e1 tomada a decis\u00e3o se corta\u00a0o seguro ou se tem condi\u00e7\u00f5es\u00a0de continuar\u201d, afirma Marcelo\u00a0Aguiar, da Secretaria Nacional\u00a0de Pol\u00edticas de Emprego.<\/p>\n<p>&nbsp;<\/p>\n<p>Para o economista J\u00falio Miragaya, a exig\u00eancia de qualifica\u00e7\u00e3o favorece o trabalhador\u00a0e o mercado.<\/p>\n<p>&nbsp;<\/p>\n<p>\u201cO que a gente vai ter como\u00a0resultado em um m\u00e9dio prazo \u00e9 uma redu\u00e7\u00e3o acentuada\u00a0nessa grande massa de trabalhadores de baixa qualifica\u00e7\u00e3o\u00a0e que perde posi\u00e7\u00e3o no mercado de trabalho em fun\u00e7\u00e3o\u00a0exatamente dessa baixa qualifica\u00e7\u00e3o do seu trabalho\u201d, afirma o economista.<\/p>\n<p>&nbsp;<\/p>\n<p>Mais de 12 mil trabalhadores est\u00e3o matriculados em\u00a0todo pa\u00eds. Cerca de cinco j\u00e1 mil\u00a0est\u00e3o em sala de aula. Weslei\u00a0\u00e9 vigilante, mas vai fazer curso\u00a0de mec\u00e2nica. Para ele \u00e9 mais\u00a0uma porta que se abre no mercado de trabalho.<\/p>\n<p>&nbsp;<\/p>\n<p>\u201cVai aparecer um emprego\u00a0pra mim, eu tenho muita f\u00e9 em\u00a0Deus. Vai aparecer, e eu vou\u00a0estar l\u00e1, disposto a aprender\u00a0e a oferecer muito para a empresa\u201d, diz o vigilante.<\/p>\n<p>&nbsp;<\/p>\n<p>Com os cursos, qualificando o trabalhador, o Minist\u00e9rio\u00a0do Trabalho espera reduzir o\u00a0n\u00famero de desempregados.\u00a0E, por tabela, o pagamento do\u00a0seguro desemprego.<\/p>\n<p>&nbsp;<\/p>\n<p>Fonte:g1.globo.com<\/p>\n","protected":false},"excerpt":{"rendered":"<p>Mudaram as regras do\u00a0seguro-desemprego. Agora,\u00a0para receber o benef\u00edcio, o trabalhador precisa fazer um curso de qualifica\u00e7\u00e3o. Mas essa\u00a0exig\u00eancia vale apenas para\u00a0o trabalhador desempregado\u00a0que pedir o seguro pela terceira vez em dez anos. &nbsp; Para receber, antes, eles ter\u00e3o de estudar. E mais de 12\u00a0mil trabalhadores j\u00e1 est\u00e3o inscritos em todo o pa\u00eds. Muitos\u00a0gostaram da novidade. [&hellip;]<\/p>\n","protected":false},"author":1,"featured_media":0,"comment_status":"open","ping_status":"open","sticky":false,"template":"","format":"standard","meta":{"ngg_post_thumbnail":0,"footnotes":""},"categories":[4],"tags":[],"class_list":["post-7919","post","type-post","status-publish","format-standard","hentry","category-noticias"],"_links":{"self":[{"href":"https:\/\/www.sindvalores.com.br\/site\/wp-json\/wp\/v2\/posts\/7919","targetHints":{"allow":["GET"]}}],"collection":[{"href":"https:\/\/www.sindvalores.com.br\/site\/wp-json\/wp\/v2\/posts"}],"about":[{"href":"https:\/\/www.sindvalores.com.br\/site\/wp-json\/wp\/v2\/types\/post"}],"author":[{"embeddable":true,"href":"https:\/\/www.sindvalores.com.br\/site\/wp-json\/wp\/v2\/users\/1"}],"replies":[{"embeddable":true,"href":"https:\/\/www.sindvalores.com.br\/site\/wp-json\/wp\/v2\/comments?post=7919"}],"version-history":[{"count":1,"href":"https:\/\/www.sindvalores.com.br\/site\/wp-json\/wp\/v2\/posts\/7919\/revisions"}],"predecessor-version":[{"id":7920,"href":"https:\/\/www.sindvalores.com.br\/site\/wp-json\/wp\/v2\/posts\/7919\/revisions\/7920"}],"wp:attachment":[{"href":"https:\/\/www.sindvalores.com.br\/site\/wp-json\/wp\/v2\/media?parent=7919"}],"wp:term":[{"taxonomy":"category","embeddable":true,"href":"https:\/\/www.sindvalores.com.br\/site\/wp-json\/wp\/v2\/categories?post=7919"},{"taxonomy":"post_tag","embeddable":true,"href":"https:\/\/www.sindvalores.com.br\/site\/wp-json\/wp\/v2\/tags?post=7919"}],"curies":[{"name":"wp","href":"https:\/\/api.w.org\/{rel}","templated":true}]}}