{"id":8015,"date":"2015-02-23T14:56:13","date_gmt":"2015-02-23T14:56:13","guid":{"rendered":"http:\/\/sindvalores.com.br\/site\/?p=8015"},"modified":"2015-02-23T14:56:13","modified_gmt":"2015-02-23T14:56:13","slug":"policia-repreende-manifestacao-pacifica-do-sindvalores","status":"publish","type":"post","link":"https:\/\/www.sindvalores.com.br\/site\/institucional\/noticias\/policia-repreende-manifestacao-pacifica-do-sindvalores","title":{"rendered":"\u00bb POL\u00cdCIA REPREENDE MANIFESTA\u00c7\u00c3O PAC\u00cdFICA DO SINDVALORES"},"content":{"rendered":"<p>O \u00a0SindValores, \u00a0em \u00a0conjunto \u00a0com \u00a0diversas\u00a0entidades sindicais, estiveram na porta da empresa\u00a0Corpvs nesta quinta-feira, dia 23, para repudiar as\u00a0irregularidades \u00a0cometidas \u00a0pela \u00a0empresa \u00a0e \u00a0seu\u00a0supervisor.<\/p>\n<p>&nbsp;<\/p>\n<p>A manifesta\u00e7\u00e3o era ordeira e pac\u00edfica,contudo, mais uma vez fomos surpreendidos com a\u00a0a\u00e7\u00e3o \u00a0da \u00a0pol\u00edcia, \u00a0que \u00a0chegou \u00a0ao \u00a0local \u00a0de \u00a0maneira\u00a0agressiva \u00a0e \u00a0autorit\u00e1ria, \u00a0se \u00a0mantendo \u00a0contra \u00a0os\u00a0trabalhadores e em defesa da empresa<\/p>\n<p>&nbsp;<\/p>\n<p>O ESTADO E A POL\u00cdCIA DEVERIAMDEFENDER OS TRABALHADORES E A SOCIEDADE\u00a0E N\u00c3O O PATRIM\u00d4NIO PRIVADO DAS EMPRESAS E\u00a0DAELITE.<\/p>\n<p>&nbsp;<\/p>\n<p>Enquanto a popula\u00e7\u00e3o sofre com os assaltos\u00a0constantemente, a pol\u00edcia perde tempo protegendo\u00a0as empresas e se colocando contra ostrabalhadores.<\/p>\n<p>&nbsp;<\/p>\n<p>VAMOS REPUDIAR ESTA A\u00c7\u00c3O DA POL\u00cdCIAE DO ESTADO!TRABALHADOR MERECE RESPEITO E N\u00c3O\u00a0PODE SER TRATADO COMO BANDIDO!<\/p>\n","protected":false},"excerpt":{"rendered":"<p>O \u00a0SindValores, \u00a0em \u00a0conjunto \u00a0com \u00a0diversas\u00a0entidades sindicais, estiveram na porta da empresa\u00a0Corpvs nesta quinta-feira, dia 23, para repudiar as\u00a0irregularidades \u00a0cometidas \u00a0pela \u00a0empresa \u00a0e \u00a0seu\u00a0supervisor. &nbsp; A manifesta\u00e7\u00e3o era ordeira e pac\u00edfica,contudo, mais uma vez fomos surpreendidos com a\u00a0a\u00e7\u00e3o \u00a0da \u00a0pol\u00edcia, \u00a0que \u00a0chegou \u00a0ao \u00a0local \u00a0de \u00a0maneira\u00a0agressiva \u00a0e \u00a0autorit\u00e1ria, \u00a0se \u00a0mantendo \u00a0contra \u00a0os\u00a0trabalhadores e em defesa [&hellip;]<\/p>\n","protected":false},"author":1,"featured_media":0,"comment_status":"open","ping_status":"open","sticky":false,"template":"","format":"standard","meta":{"ngg_post_thumbnail":0,"footnotes":""},"categories":[4],"tags":[],"class_list":["post-8015","post","type-post","status-publish","format-standard","hentry","category-noticias"],"_links":{"self":[{"href":"https:\/\/www.sindvalores.com.br\/site\/wp-json\/wp\/v2\/posts\/8015","targetHints":{"allow":["GET"]}}],"collection":[{"href":"https:\/\/www.sindvalores.com.br\/site\/wp-json\/wp\/v2\/posts"}],"about":[{"href":"https:\/\/www.sindvalores.com.br\/site\/wp-json\/wp\/v2\/types\/post"}],"author":[{"embeddable":true,"href":"https:\/\/www.sindvalores.com.br\/site\/wp-json\/wp\/v2\/users\/1"}],"replies":[{"embeddable":true,"href":"https:\/\/www.sindvalores.com.br\/site\/wp-json\/wp\/v2\/comments?post=8015"}],"version-history":[{"count":1,"href":"https:\/\/www.sindvalores.com.br\/site\/wp-json\/wp\/v2\/posts\/8015\/revisions"}],"predecessor-version":[{"id":8016,"href":"https:\/\/www.sindvalores.com.br\/site\/wp-json\/wp\/v2\/posts\/8015\/revisions\/8016"}],"wp:attachment":[{"href":"https:\/\/www.sindvalores.com.br\/site\/wp-json\/wp\/v2\/media?parent=8015"}],"wp:term":[{"taxonomy":"category","embeddable":true,"href":"https:\/\/www.sindvalores.com.br\/site\/wp-json\/wp\/v2\/categories?post=8015"},{"taxonomy":"post_tag","embeddable":true,"href":"https:\/\/www.sindvalores.com.br\/site\/wp-json\/wp\/v2\/tags?post=8015"}],"curies":[{"name":"wp","href":"https:\/\/api.w.org\/{rel}","templated":true}]}}