{"id":8019,"date":"2015-02-23T14:57:19","date_gmt":"2015-02-23T14:57:19","guid":{"rendered":"http:\/\/sindvalores.com.br\/site\/?p=8019"},"modified":"2015-02-23T14:57:19","modified_gmt":"2015-02-23T14:57:19","slug":"tres-vigias-sao-mortos-e-quatro-suspeitos-capturados","status":"publish","type":"post","link":"https:\/\/www.sindvalores.com.br\/site\/institucional\/noticias\/tres-vigias-sao-mortos-e-quatro-suspeitos-capturados","title":{"rendered":"\u00bb Tr\u00eas vigias s\u00e3o mortos e quatro suspeitos capturados"},"content":{"rendered":"<table border=\"0\" width=\"100%\">\n<tbody>\n<tr>\n<td>A madrugada de ontem foi sangrenta na regi\u00e3o. Cinco homens morreram. Tr\u00eas deles eram vigias e foram assassinados de forma brutal. Quatro pessoas foram capturadas pela pol\u00edcia por envolvimento nos crimes. As outras v\u00edtimas faleceram em um acidente de tr\u00e2nsito entre duas motocicletas e um carro.<\/p>\n<p>Dos tr\u00eas homic\u00eddios, dois deles foram cometidos em Jaguaruna. Os vigias Edson dos Santos, de 48 anos, e Jaderson Duarte de Souza, de 24 anos, foram encontrados mortos por volta das 7h30 na localidade de Copa 70. Os colegas de trabalho teriam sido assassinados no in\u00edcio da madrugada, durante uma agress\u00e3o.<br \/>\nSegundo a Pol\u00edcia Civil, foi encontrada no local do crime uma arma conhecida como \u201ctchaco\u201d (dois bast\u00f5es interligados por uma corrente). \u201cH\u00e1 pouco tempo cumprimos um mandado de busca e apreens\u00e3o na casa de suspeitos de cometer furtos na cidade e vimos esta arma l\u00e1. Voltamos ao local e encontramos tr\u00eas irm\u00e3os sujos de sangue\u201d, aponta o delegado Leonardo Valente.<br \/>\nOs rapazes, com 22, 18 e 16 anos, foram detidos em flagrante e encaminhados para a delegacia. \u201cEles alegaram que o mais novo foi agredido pelos vigilantes e apenas agiram em leg\u00edtima defesa. Mas, como encontramos a janela de uma casa arrombada no local do crime, os ind\u00edcios apontam que os vigias tentaram impedir um furto e foram mortos durante uma briga\u201d, acredita o delegado.<br \/>\nO trio foi autuado em flagrante por latroc\u00ednio (roubo ou tentativa seguida de morte). Os dois irm\u00e3os mais velhos foram encaminhados para o Pres\u00eddio Regional de Tubar\u00e3o e o mais novo seria levado para Centro de Atendimento Socioeducativo Provis\u00f3rio (Casep), no mesmo munic\u00edpio.<\/p>\n<p>V\u00edtima foi violentamente agredida com pedradas<br \/>\nA 3\u00aa v\u00edtima de homic\u00eddio na madrugada de ontem tamb\u00e9m foi um vigia. Walmor Soares Sobrinho, de 65 anos, foi violentamente agredido no bairro Progresso, em Laguna, onde foi encontrado morto. Um jovem de 25 anos foi preso em flagrante pr\u00f3ximo da cena do crime, sujo de sangue.<br \/>\nWalmor teria sido abordado pelo acusado por volta das 3h30 no lugar em que costumava passar todas as madrugadas. \u201cO jovem teria ido at\u00e9 o local para roubar o vigia e acabou matando a v\u00edtima com pedradas na cabe\u00e7a. Uma testemunha viu toda a agress\u00e3o e nos acionou\u201d, declara um policial militar.<br \/>\nOs policiais foram at\u00e9 o local, encontraram o vigia j\u00e1 sem vida e prenderam o jovem sujo de sangue a apenas 600 metros da cena do crime. Ele foi encaminhado para a delegacia do munic\u00edpio e autuado em flagrante por latroc\u00ednio (roubo seguido de morte) pelo delegado C\u00e9sar Augusto Cardoso Reynaud, sendo levado para a Unidade Prisional Avan\u00e7ada (UPA) do munic\u00edpio.<br \/>\nApesar da pouca idade, o jovem acusado de matar o vigia Walmor j\u00e1 era bastante conhecido no meio policial. Ele possu\u00eda passagens pela delegacia por furtos, amea\u00e7as, les\u00f5es corporais e tentativa de estupro.<\/p>\n<p>N\u00famero de homic\u00eddios ainda \u00e9 menor na Amurel<\/p>\n<p>Apesar dos seis assassinatos registrados somente neste m\u00eas na regi\u00e3o, o n\u00famero de mortes ainda \u00e9 bem menor do que em 2011. Desde janeiro at\u00e9 ontem, 16 homens foram mortos na Amurel. No mesmo per\u00edodo do ano passado foram 33 mortes.<br \/>\nO \u00fanico munic\u00edpio onde aumentou o n\u00famero de assassinatos foi Jaguaruna. Com a morte dos dois vigias, j\u00e1 s\u00e3o tr\u00eas homic\u00eddios registrados neste ano. O primeiro ocorreu no dia 18 de abril, na localidade de Torneiro. Ant\u00f4nio Passos Esp\u00edndola, de 62 anos, foi morto dentro da pr\u00f3pria casa a facadas. No ano passado n\u00e3o houve assassinatos na cidade.<br \/>\nJ\u00e1 Laguna segue com tr\u00eas homic\u00eddios, sendo todos cometidos neste m\u00eas. Ant\u00f4nio Pedro Ferreira, de 44 anos, foi morto no dia 15 e Sin\u00e9sio de Oliveira dos Passos, de 41 anos, no dia 17, al\u00e9m do vigia morto na madrugada de ontem. Em 2011, nove pessoas foram assassinadas na cidade.<br \/>\nTubar\u00e3o lidera o ranking de mortes neste ano, com seis v\u00edtimas. Ainda assim, o n\u00famero est\u00e1 abaixo do que foi registrado entre janeiro e agosto de 2011, quando 14 pessoas foram assassinadas no munic\u00edpio.<\/td>\n<\/tr>\n<tr>\n<td><\/td>\n<\/tr>\n<tr>\n<td>Fonte: Di\u00e1rio do Sul<\/td>\n<\/tr>\n<\/tbody>\n<\/table>\n","protected":false},"excerpt":{"rendered":"<p>A madrugada de ontem foi sangrenta na regi\u00e3o. Cinco homens morreram. Tr\u00eas deles eram vigias e foram assassinados de forma brutal. Quatro pessoas foram capturadas pela pol\u00edcia por envolvimento nos crimes. As outras v\u00edtimas faleceram em um acidente de tr\u00e2nsito entre duas motocicletas e um carro. Dos tr\u00eas homic\u00eddios, dois deles foram cometidos em Jaguaruna. [&hellip;]<\/p>\n","protected":false},"author":1,"featured_media":0,"comment_status":"open","ping_status":"open","sticky":false,"template":"","format":"standard","meta":{"ngg_post_thumbnail":0,"footnotes":""},"categories":[4],"tags":[],"class_list":["post-8019","post","type-post","status-publish","format-standard","hentry","category-noticias"],"_links":{"self":[{"href":"https:\/\/www.sindvalores.com.br\/site\/wp-json\/wp\/v2\/posts\/8019","targetHints":{"allow":["GET"]}}],"collection":[{"href":"https:\/\/www.sindvalores.com.br\/site\/wp-json\/wp\/v2\/posts"}],"about":[{"href":"https:\/\/www.sindvalores.com.br\/site\/wp-json\/wp\/v2\/types\/post"}],"author":[{"embeddable":true,"href":"https:\/\/www.sindvalores.com.br\/site\/wp-json\/wp\/v2\/users\/1"}],"replies":[{"embeddable":true,"href":"https:\/\/www.sindvalores.com.br\/site\/wp-json\/wp\/v2\/comments?post=8019"}],"version-history":[{"count":1,"href":"https:\/\/www.sindvalores.com.br\/site\/wp-json\/wp\/v2\/posts\/8019\/revisions"}],"predecessor-version":[{"id":8020,"href":"https:\/\/www.sindvalores.com.br\/site\/wp-json\/wp\/v2\/posts\/8019\/revisions\/8020"}],"wp:attachment":[{"href":"https:\/\/www.sindvalores.com.br\/site\/wp-json\/wp\/v2\/media?parent=8019"}],"wp:term":[{"taxonomy":"category","embeddable":true,"href":"https:\/\/www.sindvalores.com.br\/site\/wp-json\/wp\/v2\/categories?post=8019"},{"taxonomy":"post_tag","embeddable":true,"href":"https:\/\/www.sindvalores.com.br\/site\/wp-json\/wp\/v2\/tags?post=8019"}],"curies":[{"name":"wp","href":"https:\/\/api.w.org\/{rel}","templated":true}]}}