{"id":8021,"date":"2015-02-23T14:58:33","date_gmt":"2015-02-23T14:58:33","guid":{"rendered":"http:\/\/sindvalores.com.br\/site\/?p=8021"},"modified":"2015-02-23T14:58:33","modified_gmt":"2015-02-23T14:58:33","slug":"juiz-avaliou-vigilante-inapto-ao-trabalho-antes-de-ataque","status":"publish","type":"post","link":"https:\/\/www.sindvalores.com.br\/site\/institucional\/noticias\/juiz-avaliou-vigilante-inapto-ao-trabalho-antes-de-ataque","title":{"rendered":"\u00bb Juiz avaliou vigilante inapto ao trabalho antes de ataque"},"content":{"rendered":"<table border=\"0\" width=\"100%\">\n<tbody>\n<tr>\n<td>O ataque \u00e0 ag\u00eancia do Instituto Nacional do Seguro Social (INSS), que provocou p\u00e2nico aos usu\u00e1rios e deixou toda a cidade apreensiva, poderia ter sido evitado. H\u00e1 mais de 40 dias, uma decis\u00e3o judicial j\u00e1 havia considerado o seguran\u00e7a S\u00e9rgio Vieira Costa, 39 anos, inapto para o trabalho nesta fun\u00e7\u00e3o. Mas, por motivos que ainda n\u00e3o foram esclarecidos, ele s\u00f3 voltou a receber o aux\u00edlio-doen\u00e7a depois de lan\u00e7ar dois artefatos semelhantes a coquet\u00e9is molotov dentro do pr\u00e9dio do instituto, na \u00faltima quarta-feira.<\/p>\n<p>De acordo com decis\u00e3o do juiz Jo\u00e3o Thomaz Diaz Parra, da 2\u00aa Vara C\u00edvel de Bauru, proferida no dia 17 de julho deste ano, o benef\u00edcio deveria ser retomado de maneira imediata, assim que o INSS fosse notificado. Isso porque Costa, inicialmente considerado apto para trabalhar em outra fun\u00e7\u00e3o que n\u00e3o a de seguran\u00e7a, n\u00e3o foi submetido \u00e0 reabilita\u00e7\u00e3o profissional e continuava trabalhando na mesma fun\u00e7\u00e3o.<\/p>\n<p>H\u00e1 cerca de sete anos, segundo relatam familiares, ele se envolveu em um tiroteio em servi\u00e7o e, desde ent\u00e3o, passou a enfrentar problemas psiqui\u00e1tricos. Por este motivo, o juiz havia determinado que o seguran\u00e7a apenas atuasse em fun\u00e7\u00f5es que n\u00e3o mantivessem semelhan\u00e7a &#8220;com situa\u00e7\u00f5es de estresse, como vigilante e escolta&#8221;. Salientou ainda ser &#8220;totalmente contraindicado o trabalho com arma de fogo&#8221;.<\/p>\n<p>N\u00e3o se sabe, no entanto, por que transcorreram mais de 40 dias para que a decis\u00e3o fosse cumprida pelo INSS e o motivo de Costa e sua fam\u00edlia desconhecerem, at\u00e9 ontem, o conte\u00fado do despacho judicial, conforme informou a esposa dele, Terezinha de F\u00e1tima Rodrigues.<\/p>\n<p>Recurso<\/p>\n<p>Obedecendo ao protocolo estabelecido pelo instituto desde o ataque, o JC entrou em contato com a assessoria de imprensa do INSS em S\u00e3o Paulo, mas, devido ao adiantado da hora, a \u00fanica confirma\u00e7\u00e3o foi de que benef\u00edcio j\u00e1 havia sido retomado em fun\u00e7\u00e3o da determina\u00e7\u00e3o judicial. O INSS revelou ainda que j\u00e1 est\u00e1 estudando a possibilidade de recorrer da decis\u00e3o.<\/p>\n<p>Na quinta-feira, um dia depois da concess\u00e3o do aux\u00edlio-doen\u00e7a, a mesma assessoria havia sido acionada pela reportagem, mas n\u00e3o informou que o benef\u00edcio j\u00e1 havia sido retomado. Consultado, o gerente executivo do instituto em Bauru, Josu\u00e9 Lopes Moreira Filho, que estava em viagem, n\u00e3o soube informar o motivo da demora para o cumprimento da determina\u00e7\u00e3o.<\/p>\n<p>&#8220;Poderemos checar o que realmente aconteceu na pr\u00f3xima segunda-feira. Mas, como o juiz ordenou a implanta\u00e7\u00e3o do benef\u00edcio de imediato, certamente o INSS s\u00f3 recebeu a decis\u00e3o h\u00e1 poucos dias&#8221;, frisa.<\/p>\n<p>O aux\u00edlio de Costa havia sido suspenso em abril deste ano e, desde ent\u00e3o, o seguran\u00e7a recorreu tr\u00eas vezes do parecer da per\u00edcia m\u00e9dica, que n\u00e3o reconhecia sua incapacidade para o trabalho. Na ocasi\u00e3o, todas as tentativas foram indeferidas pelo INSS.<\/p>\n<p>\u2018Tiroteio atingiu a mente dele\u2019, diz a esposa do homem, que continua internado em Ja\u00fa<\/p>\n<p>O seguran\u00e7a S\u00e9rgio Vieira Costa, 39 anos, segue internado na Associa\u00e7\u00e3o Hospitalar Thereza Perlatti, em Ja\u00fa, e n\u00e3o tem previs\u00e3o de receber alta. De acordo com sua esposa, Terezinha de F\u00e1tima Rodrigues, 57 anos, ele n\u00e3o est\u00e1 mais sedado e chora quando lembra do ocorrido.<\/p>\n<p>&#8220;Ele diz que n\u00e3o \u00e9 vagabundo e come\u00e7a a chorar&#8221;, lamenta ela, que foi informada pela reportagem sobre a decis\u00e3o judicial que imp\u00f4s a retomada do aux\u00edlio-doen\u00e7a. A mulher conta que Costa trabalhava como seguran\u00e7a de escolta e, h\u00e1 cerca de sete anos, envolveu-se em um tiroteio durante o transporte de uma carga de medicamentos. &#8220;Ele n\u00e3o foi ferido na pele, mas foi atingido na mente&#8221;, comenta.<\/p>\n<p>Logo ap\u00f3s o epis\u00f3dio, segundo ela, Costa entrou em depress\u00e3o e foi diagnosticado com cinco transtornos psiqui\u00e1tricos diferentes. &#8220;Ele tentou voltar, mas estava muito traumatizado&#8221;, completa. O seguran\u00e7a ficou afastado do trabalho, recebendo o aux\u00edlio, de agosto de 2005 a novembro de 2010. Voltou a contar com o benef\u00edcio entre 3 de mar\u00e7o e 9 de abril de 2012, quando o repasse foi suspenso novamente.<\/p>\n<p>&#8220;Ele n\u00e3o tinha condi\u00e7\u00f5es de trabalhar e ficou sem emprego e sem renda. Por conta do tratamento, temos gastos alt\u00edssimos com consultas m\u00e9dicas e medicamentos. Toda essa situa\u00e7\u00e3o causou um nervosismo que s\u00f3 piorou a condi\u00e7\u00e3o dele&#8221;, relata Terezinha, que trabalha como vendedora aut\u00f4noma e diz contar com uma reserva feita pelo marido para pagar as contas da casa.<\/p>\n<p>Segundo a mulher, apesar dos problemas de sa\u00fade, Costa \u00e9 &#8220;uma pessoa tranquila, honesta, sem v\u00edcios e um marido espetacular&#8221;. &#8220;Ele gosta das coisas certas, mas teve uma atitude de desespero. Uma atitude de quem estava se sentindo injusti\u00e7ado e n\u00e3o sabia mais o que fazer&#8221;, observa.<\/td>\n<\/tr>\n<tr>\n<td><\/td>\n<\/tr>\n<tr>\n<td>Fonte: Jornal da Cidade de Bauru<\/td>\n<\/tr>\n<\/tbody>\n<\/table>\n","protected":false},"excerpt":{"rendered":"<p>O ataque \u00e0 ag\u00eancia do Instituto Nacional do Seguro Social (INSS), que provocou p\u00e2nico aos usu\u00e1rios e deixou toda a cidade apreensiva, poderia ter sido evitado. H\u00e1 mais de 40 dias, uma decis\u00e3o judicial j\u00e1 havia considerado o seguran\u00e7a S\u00e9rgio Vieira Costa, 39 anos, inapto para o trabalho nesta fun\u00e7\u00e3o. Mas, por motivos que ainda [&hellip;]<\/p>\n","protected":false},"author":1,"featured_media":0,"comment_status":"open","ping_status":"open","sticky":false,"template":"","format":"standard","meta":{"ngg_post_thumbnail":0,"footnotes":""},"categories":[4],"tags":[],"class_list":["post-8021","post","type-post","status-publish","format-standard","hentry","category-noticias"],"_links":{"self":[{"href":"https:\/\/www.sindvalores.com.br\/site\/wp-json\/wp\/v2\/posts\/8021","targetHints":{"allow":["GET"]}}],"collection":[{"href":"https:\/\/www.sindvalores.com.br\/site\/wp-json\/wp\/v2\/posts"}],"about":[{"href":"https:\/\/www.sindvalores.com.br\/site\/wp-json\/wp\/v2\/types\/post"}],"author":[{"embeddable":true,"href":"https:\/\/www.sindvalores.com.br\/site\/wp-json\/wp\/v2\/users\/1"}],"replies":[{"embeddable":true,"href":"https:\/\/www.sindvalores.com.br\/site\/wp-json\/wp\/v2\/comments?post=8021"}],"version-history":[{"count":1,"href":"https:\/\/www.sindvalores.com.br\/site\/wp-json\/wp\/v2\/posts\/8021\/revisions"}],"predecessor-version":[{"id":8022,"href":"https:\/\/www.sindvalores.com.br\/site\/wp-json\/wp\/v2\/posts\/8021\/revisions\/8022"}],"wp:attachment":[{"href":"https:\/\/www.sindvalores.com.br\/site\/wp-json\/wp\/v2\/media?parent=8021"}],"wp:term":[{"taxonomy":"category","embeddable":true,"href":"https:\/\/www.sindvalores.com.br\/site\/wp-json\/wp\/v2\/categories?post=8021"},{"taxonomy":"post_tag","embeddable":true,"href":"https:\/\/www.sindvalores.com.br\/site\/wp-json\/wp\/v2\/tags?post=8021"}],"curies":[{"name":"wp","href":"https:\/\/api.w.org\/{rel}","templated":true}]}}