{"id":8061,"date":"2015-02-23T15:25:36","date_gmt":"2015-02-23T15:25:36","guid":{"rendered":"http:\/\/sindvalores.com.br\/site\/?p=8061"},"modified":"2015-02-23T15:25:36","modified_gmt":"2015-02-23T15:25:36","slug":"projeto-que-criminaliza-homofobia-aguarda-designacao-de-novo-relator","status":"publish","type":"post","link":"https:\/\/www.sindvalores.com.br\/site\/institucional\/noticias\/projeto-que-criminaliza-homofobia-aguarda-designacao-de-novo-relator","title":{"rendered":"\u00bb Projeto que criminaliza homofobia aguarda designa\u00e7\u00e3o de novo relator"},"content":{"rendered":"<p>O projeto de lei que criminaliza a homofobia\u00a0(PLC 122\/06), cujo relat\u00f3rio estava sendo elaborado pela senadora Marta Suplicy (PT-SP), aguarda\u00a0desde o dia 18 designa\u00e7\u00e3o de um novo relator na\u00a0Comiss\u00e3o de Direitos Humanos e Legisla\u00e7\u00e3o Participativa (CDH).<\/p>\n<p>&nbsp;<\/p>\n<p>No dia 13 deste m\u00eas, Marta Suplicy assumiu o\u00a0Minist\u00e9rio da Cultura em substitui\u00e7\u00e3o \u00e0 cantora e\u00a0compositora Ana de Holanda. O primeiro suplente\u00a0de Marta \u00e9 o vereador paulista Ant\u00f4nio Carlos Rodrigues, do PR, ainda n\u00e3o empossado no cargo.<\/p>\n<p>&nbsp;<\/p>\n<p>Em declara\u00e7\u00f5es feitas \u00e0 imprensa em maio, Marta Suplicy afirmou que h\u00e1 entre os senadores uma\u00a0\u201cmaioria silenciosa\u201d favor\u00e1vel ao projeto, ou pelo\u00a0menos neutra, que n\u00e3o se posiciona por receio de\u00a0desagradar os eleitores. O senador Magno Malta\u00a0(PR-ES) \u00e9 um dos maiores opositores da proposta,\u00a0assim como setores religiosos e conservadores da\u00a0sociedade.A designa\u00e7\u00e3o do relator ser\u00e1 feita pelo presidente da CDH, Paulo Paim (PT-RS).<\/p>\n<p>&nbsp;<\/p>\n<p>Fonte: \u00a0Ag\u00eancia Senado<\/p>\n","protected":false},"excerpt":{"rendered":"<p>O projeto de lei que criminaliza a homofobia\u00a0(PLC 122\/06), cujo relat\u00f3rio estava sendo elaborado pela senadora Marta Suplicy (PT-SP), aguarda\u00a0desde o dia 18 designa\u00e7\u00e3o de um novo relator na\u00a0Comiss\u00e3o de Direitos Humanos e Legisla\u00e7\u00e3o Participativa (CDH). &nbsp; No dia 13 deste m\u00eas, Marta Suplicy assumiu o\u00a0Minist\u00e9rio da Cultura em substitui\u00e7\u00e3o \u00e0 cantora e\u00a0compositora Ana de [&hellip;]<\/p>\n","protected":false},"author":1,"featured_media":0,"comment_status":"open","ping_status":"open","sticky":false,"template":"","format":"standard","meta":{"ngg_post_thumbnail":0,"footnotes":""},"categories":[4],"tags":[],"class_list":["post-8061","post","type-post","status-publish","format-standard","hentry","category-noticias"],"_links":{"self":[{"href":"https:\/\/www.sindvalores.com.br\/site\/wp-json\/wp\/v2\/posts\/8061","targetHints":{"allow":["GET"]}}],"collection":[{"href":"https:\/\/www.sindvalores.com.br\/site\/wp-json\/wp\/v2\/posts"}],"about":[{"href":"https:\/\/www.sindvalores.com.br\/site\/wp-json\/wp\/v2\/types\/post"}],"author":[{"embeddable":true,"href":"https:\/\/www.sindvalores.com.br\/site\/wp-json\/wp\/v2\/users\/1"}],"replies":[{"embeddable":true,"href":"https:\/\/www.sindvalores.com.br\/site\/wp-json\/wp\/v2\/comments?post=8061"}],"version-history":[{"count":1,"href":"https:\/\/www.sindvalores.com.br\/site\/wp-json\/wp\/v2\/posts\/8061\/revisions"}],"predecessor-version":[{"id":8062,"href":"https:\/\/www.sindvalores.com.br\/site\/wp-json\/wp\/v2\/posts\/8061\/revisions\/8062"}],"wp:attachment":[{"href":"https:\/\/www.sindvalores.com.br\/site\/wp-json\/wp\/v2\/media?parent=8061"}],"wp:term":[{"taxonomy":"category","embeddable":true,"href":"https:\/\/www.sindvalores.com.br\/site\/wp-json\/wp\/v2\/categories?post=8061"},{"taxonomy":"post_tag","embeddable":true,"href":"https:\/\/www.sindvalores.com.br\/site\/wp-json\/wp\/v2\/tags?post=8061"}],"curies":[{"name":"wp","href":"https:\/\/api.w.org\/{rel}","templated":true}]}}