{"id":8385,"date":"2015-03-02T13:33:07","date_gmt":"2015-03-02T13:33:07","guid":{"rendered":"http:\/\/sindvalores.com.br\/site\/?p=8385"},"modified":"2015-03-02T13:33:07","modified_gmt":"2015-03-02T13:33:07","slug":"com-a-participacao-da-cntv-contraf-cut-fitv-fetravesp-e-sindvaloresdf-na-policia-federal-discute-seguranca-no-abastecimento-de-caixas-eletronicos","status":"publish","type":"post","link":"https:\/\/www.sindvalores.com.br\/site\/institucional\/noticias\/com-a-participacao-da-cntv-contraf-cut-fitv-fetravesp-e-sindvaloresdf-na-policia-federal-discute-seguranca-no-abastecimento-de-caixas-eletronicos","title":{"rendered":"\u00bb Com a participa\u00e7\u00e3o da CNTV, CONTRAF-CUT, FITV, FETRAVESP e SINDVALORES\/DF na Pol\u00edcia Federal discute seguran\u00e7a no abastecimento de caixas eletr\u00f4nicos"},"content":{"rendered":"<p>A inseguran\u00e7a no abastecimento de caixas eletr\u00f4nicos foi tema de reuni\u00e3o espec\u00edfica promovida na \u00faltima quarta-feira (2 de outubro), pela Pol\u00edcia Federal, em Bras\u00edlia, com a participa\u00e7\u00e3o de representantes dos trabalhadores, bancos e empresas de seguran\u00e7a e transporte de valores.<\/p>\n<p>O encontro foi motivado pelo v\u00eddeo apresentado pelo presidente da Confedera\u00e7\u00e3o Nacional dos Vigilantes (CNTV), Jos\u00e9 Boaventura, e exibido no in\u00edcio da 97\u00aa reuni\u00e3o da Comiss\u00e3o Consultiva para Assuntos de Seguran\u00e7a Privada (CCASP), realizada em julho. As imagens s\u00e3o chocantes, mostrando trabalhadores da Prosegur, da Brinks e de outras empresas do segmento, j\u00e1 denunciado anteriormente nos Minist\u00e9rios P\u00fablicos estaduais do trabalho e no Minist\u00e9rio P\u00fablico Federal do Trabalho pelos representantes da categoria que mostram trabalhadores agachados ou sentados no ch\u00e3o, fazendo manuseio de numer\u00e1rio no abastecimento de caixas eletr\u00f4nicos num shopping e numa rodovi\u00e1ria no Esp\u00edrito Santo, fato que acontece diariamente em todos os estados da federa\u00e7\u00e3o colocando em risco a vida dos cidad\u00e3os usu\u00e1rios desse servi\u00e7o e que passam pelos locais de abastecimento e\u00a0 vigilantes.<\/p>\n<p>As entidades que representam os trabalhadores propuseram para a Pol\u00edcia Federal que os bancos adotem uma tecnologia que n\u00e3o exija o contato do vigilante com o dinheiro, citando como exemplo o Ita\u00fa que j\u00e1 trabalha com o sistema de cassete fechado, que consiste na simples troca das gavetas com dinheiro, sem que haja necessidade de manuseio, contagem e ventila\u00e7\u00e3o de c\u00e9dulas na hora do abastecimento.<\/p>\n<p>Carlos Jos\u00e9 das Neves, presidente do SINDVALORES-DF, participou da reuni\u00e3o levando toda a sua experi\u00eancia sobre o assunto, uma vez que representa justamente os vigilantes de transporte de valores que fazem o abastecimento de caixas eletr\u00f4nicos, arriscando suas vidas todos os dias. Para Neves, \u00e9 fundamental que se adotem medidas urgentes para garantir a seguran\u00e7a dos trabalhadores, vigilantes e banc\u00e1rios, e da popula\u00e7\u00e3o. Ele lamenta que os bancos tenham pouco interesse em resolver o problema, por isso, acredita que as propostas que ser\u00e3o apresentadas \u00e0 Pol\u00edcia Federal tenham o impacto necess\u00e1rio para alterar a legisla\u00e7\u00e3o.<\/p>\n<p>Atrav\u00e9s de seu presidente, Artur Vasconcelos, a FITV \u2013 Federa\u00e7\u00e3o Interestadual dos Vigilantes participou da reuni\u00e3o. Artur quer contribuir com as propostas que visem garantir mais seguran\u00e7a ao segmento de transporte de valores que abastece os caixas eletr\u00f4nicos e critica o descaso dos banqueiros, que visam t\u00e3o somente o lucro e pouco se importam com os vigilantes e banc\u00e1rios que est\u00e3o na linha de frente dos tiros dos bandidos. A popula\u00e7\u00e3o tamb\u00e9m \u00e9 v\u00edtima nesses assaltos. \u201cPortanto, \u00e9 uma situa\u00e7\u00e3o que exp\u00f5e a fragilidade das vidas dos trabalhadores e da sociedade\u201d, alerta Artur. Ele afirma que este problema, por envolver muitas vidas, deve ser visto com mais respeito por parte dos agentes p\u00fablicos.<\/p>\n<p>&nbsp;<\/p>\n<p>Atendimento com seguran\u00e7a<\/p>\n<p>&#8220;A falta de seguran\u00e7a durante o abastecimento de caixas eletr\u00f4nicos est\u00e1 atingindo a todos de forma cruel. No Gama, no Distrito Federal, um vigilante ficou parapl\u00e9gico ao ser baleado durante uma tentativa de assalto. Em Porto Alegre, uma cliente morreu na mesma situa\u00e7\u00e3o. Isso precisa acabar antes que mais vidas se percam&#8221;, destacou Boaventura.<\/p>\n<p>&#8220;Al\u00e9m disso, \u00e9 exig\u00eancia dos trabalhadores que as m\u00e1quinas sejam instaladas somente em locais minimamente seguros&#8221;, disse o presidente do Sindvalores e tamb\u00e9m prop\u00f4s que haja isolamento do local na hora do abastecimento.<\/p>\n<p>O secret\u00e1rio de Imprensa da Contraf-CUT e coordenador do Coletivo Nacional de Seguran\u00e7a Banc\u00e1ria, Ademir Wiederkehr, ressaltou que \u00e9 preciso discutir formas que tornem o abastecimento mais r\u00e1pido e seguro, a fim de reduzir o risco tanto para banc\u00e1rios e vigilantes quanto para as pessoas que acabam presenciando ou circulando no local no momento em que esse trabalho \u00e9 realizado.<\/p>\n<p>&#8220;O cassete fechado, usado h\u00e1 pelo menos quatro anos pelo Ita\u00fa, \u00e9 uma forma de agilizar o abastecimento e reduzir o risco, que deve ser adotado junto com uma s\u00e9rie de medidas para que haja mais seguran\u00e7a e prote\u00e7\u00e3o da vida das pessoas&#8221;, salientou. &#8220;Caixas eletr\u00f4nicos n\u00e3o podem ser instalados em qualquer lugar, como muitos bancos v\u00eam fazendo com foco somente no lucro e ignorando a seguran\u00e7a&#8221;, denunciou Ademir.<\/p>\n<p>&#8220;Defendemos atendimento de qualidade e com seguran\u00e7a para a popula\u00e7\u00e3o, atrav\u00e9s de ag\u00eancias e PABs, onde t\u00eam banc\u00e1rios e vigilantes&#8221;, frisou. &#8220;Tamb\u00e9m cobramos a instala\u00e7\u00e3o de c\u00e2meras de monitoramento em tempo real, abastecimento somente na parte traseira dos caixas eletr\u00f4nicos e vidros blindados nas fachadas dos estabelecimentos&#8221;, acrescentou.<\/p>\n<p>Impasse no MPT<\/p>\n<p>As entidades representantes dos trabalhadores lembraram que h\u00e1 quase quatro anos o assunto foi pautado pela CNTV na Procuradoria Geral do Trabalho (PGT) do Minist\u00e9rio P\u00fablico do Trabalho (MPT), em Bras\u00edlia, com a realiza\u00e7\u00e3o de v\u00e1rias audi\u00eancias de media\u00e7\u00e3o em 2009 e 2010, mas sem assinatura de nenhum instrumento entre as partes, uma vez que a Febraban n\u00e3o concordou em firmar um Termo de Ajustamento de Conduta (TAC) ou uma conven\u00e7\u00e3o coletiva.<\/p>\n<p>&#8220;Em 2010, a Febraban se prop\u00f4s realizar um estudo para embasar as futuras a\u00e7\u00f5es. At\u00e9 hoje n\u00e3o se tem not\u00edcia dos resultados e os patr\u00f5es insistem em fugir do debate&#8221;, condenou o presidente da CNTV.<\/p>\n<p>Busca de solu\u00e7\u00f5es<\/p>\n<p>A delegada Silvana Helena Vieira Borges, titular da Coordena\u00e7\u00e3o-Geral de Controle de Seguran\u00e7a Privada (CGCSP), defendeu a necessidade de garantir seguran\u00e7a no abastecimento de caixas eletr\u00f4nicos e anunciou que ser\u00e1 feito um estudo t\u00e9cnico, visando alterar a portaria da Pol\u00edcia Federal que trata do assunto.<\/p>\n<p>A CNTV e a Contraf-CUT, junto com o Sindicato dos Empregados em Transporte de Valores do Distrito Federal (Sindvalores-DF), a Federa\u00e7\u00e3o Interestadual dos Vigilantes (FITV) \u00a0e a Federa\u00e7\u00e3o dos Trabalhadores em Seguran\u00e7a Privada do Estado de S\u00e3o Paulo (Fetravesp) que tamb\u00e9m participaram da reuni\u00e3o, ficaram de enviar um documento para a Pol\u00edcia Federal com as propostas dos trabalhadores, na busca de solu\u00e7\u00f5es para assegurar um abastecimento seguro dos caixas eletr\u00f4nicos, bem como a melhoria do atendimento da popula\u00e7\u00e3o.<\/p>\n<p>A Febraban se comprometeu a oficializar as propostas dos bancos. Tamb\u00e9m estiveram presentes representantes da ABTV, Fenavist, Abrevis e Febraban.<\/p>\n<p>Fonte: Contraf-CUT, CNTV, FITV, FETRAVESP e SINDVALORES\/DF.<\/p>\n","protected":false},"excerpt":{"rendered":"<p>A inseguran\u00e7a no abastecimento de caixas eletr\u00f4nicos foi tema de reuni\u00e3o espec\u00edfica promovida na \u00faltima quarta-feira (2 de outubro), pela Pol\u00edcia Federal, em Bras\u00edlia, com a participa\u00e7\u00e3o de representantes dos trabalhadores, bancos e empresas de seguran\u00e7a e transporte de valores. O encontro foi motivado pelo v\u00eddeo apresentado pelo presidente da Confedera\u00e7\u00e3o Nacional dos Vigilantes (CNTV), [&hellip;]<\/p>\n","protected":false},"author":1,"featured_media":0,"comment_status":"open","ping_status":"open","sticky":false,"template":"","format":"standard","meta":{"ngg_post_thumbnail":0,"footnotes":""},"categories":[4],"tags":[],"class_list":["post-8385","post","type-post","status-publish","format-standard","hentry","category-noticias"],"_links":{"self":[{"href":"https:\/\/www.sindvalores.com.br\/site\/wp-json\/wp\/v2\/posts\/8385","targetHints":{"allow":["GET"]}}],"collection":[{"href":"https:\/\/www.sindvalores.com.br\/site\/wp-json\/wp\/v2\/posts"}],"about":[{"href":"https:\/\/www.sindvalores.com.br\/site\/wp-json\/wp\/v2\/types\/post"}],"author":[{"embeddable":true,"href":"https:\/\/www.sindvalores.com.br\/site\/wp-json\/wp\/v2\/users\/1"}],"replies":[{"embeddable":true,"href":"https:\/\/www.sindvalores.com.br\/site\/wp-json\/wp\/v2\/comments?post=8385"}],"version-history":[{"count":1,"href":"https:\/\/www.sindvalores.com.br\/site\/wp-json\/wp\/v2\/posts\/8385\/revisions"}],"predecessor-version":[{"id":8386,"href":"https:\/\/www.sindvalores.com.br\/site\/wp-json\/wp\/v2\/posts\/8385\/revisions\/8386"}],"wp:attachment":[{"href":"https:\/\/www.sindvalores.com.br\/site\/wp-json\/wp\/v2\/media?parent=8385"}],"wp:term":[{"taxonomy":"category","embeddable":true,"href":"https:\/\/www.sindvalores.com.br\/site\/wp-json\/wp\/v2\/categories?post=8385"},{"taxonomy":"post_tag","embeddable":true,"href":"https:\/\/www.sindvalores.com.br\/site\/wp-json\/wp\/v2\/tags?post=8385"}],"curies":[{"name":"wp","href":"https:\/\/api.w.org\/{rel}","templated":true}]}}