{"id":8389,"date":"2015-03-02T13:34:04","date_gmt":"2015-03-02T13:34:04","guid":{"rendered":"http:\/\/sindvalores.com.br\/site\/?p=8389"},"modified":"2015-03-02T13:34:04","modified_gmt":"2015-03-02T13:34:04","slug":"regulamentacao-da-lei-dos-30-dos-vigilantes-volta-ao-debate-nesta-terca","status":"publish","type":"post","link":"https:\/\/www.sindvalores.com.br\/site\/institucional\/noticias\/regulamentacao-da-lei-dos-30-dos-vigilantes-volta-ao-debate-nesta-terca","title":{"rendered":"\u00bb Regulamenta\u00e7\u00e3o da lei dos 30% dos vigilantes volta ao debate nesta ter\u00e7a"},"content":{"rendered":"<p>O Grupo Tripartite de Trabalho (GTT), formado por representantes do governo, trabalhadores e empres\u00e1rios para a elabora\u00e7\u00e3o do texto do Anexo III da Norma Regulamentadora (NR) n\u00ba16, que trata do adicional de risco de vida\/periculosidade, volta a se reunir nesta ter\u00e7a-feira (15), \u00e0s 10h, nas depend\u00eancias do Minist\u00e9rio do Trabalho e Emprego (MTE), em Bras\u00edlia.<\/p>\n<p>Trata-se da quarta reuni\u00e3o. As anteriores foram realizadas nos dias 23 e 24 de julho, 13 de agosto e 3 de setembro. O objetivo da bancada dos trabalhadores, integrada por representantes da CUT, For\u00e7a Sindical, UGT e Nova Central, \u00e9 concluir os trabalhos, a fim de apresentar uma proposta de regulamenta\u00e7\u00e3o \u00e0 Comiss\u00e3o Tripartite Parit\u00e1ria Permanente (CTPP).<\/p>\n<p>&#8220;Queremos finalizar os trabalhos do GTT, visando atender a grande expectativa dos vigilantes que ainda n\u00e3o recebem o pagamento do adicional de 30%, conforme determina a legisla\u00e7\u00e3o&#8221;, afirma Jos\u00e9 Boaventura Santos, presidente da Confedera\u00e7\u00e3o Nacional dos Vigilantes (CNTV) e coordenador da bancada dos trabalhadores.<\/p>\n<p>Ap\u00f3s o final dos trabalhos do GTT, o texto deve ser aprovado em reuni\u00e3o ordin\u00e1ria da CTPP para depois ser publicado pelo ministro do Trabalho e Emprego no Di\u00e1rio Oficial da Uni\u00e3o, tornando-se, assim, um documento legal, de observ\u00e2ncia obrigat\u00f3ria por parte de todos os setores econ\u00f4micos.<\/p>\n<p>&#8220;Esperamos que os bancos, principais contratantes das empresas de vigil\u00e2ncia e transporte de valores, parem de travar os trabalhos, na tentativa de parcelar o pagamento do adicional de 30%. Com os lucros de quase R$ 30 bilh\u00f5es que tiveram somente no primeiro semestre, eles t\u00eam plenas condi\u00e7\u00f5es de honrar esse direito conquistado pelos vigilantes&#8221;, destaca Ademir Wiederkehr, secret\u00e1rio de imprensa da Contraf-CUT e coordenador do Coletivo Nacional de Seguran\u00e7a Banc\u00e1ria.<\/p>\n<p>Apesar das manobras, os patr\u00f5es finalmente concordaram na \u00faltima reuni\u00e3o que n\u00e3o deve haver distin\u00e7\u00e3o entre vigilantes armados e desarmados e retiraram a proposta indecente da necessidade de per\u00edcia sobre risco acentuado e permanente. &#8220;Foram avan\u00e7os importantes que ocorreram ap\u00f3s muitos debates, repelindo as tentativas do patronato de virar o jogo, excluindo a maioria dos vigilantes que trabalham desarmados, mas correm risco. Com isso, conseguimos redirecionar os debates e entramos no caminho para resolver as pend\u00eancias&#8221;, salienta Boaventura.<\/p>\n<p>O prazo do GTT \u00e9 de at\u00e9 120 dias, que podem ser prorrogados por mais 60, caso seja necess\u00e1rio para concluir as negocia\u00e7\u00f5es. &#8220;Mas esse longo prazo n\u00e3o ser\u00e1 preciso e n\u00e3o queremos, pois os trabalhos avan\u00e7aram e acreditamos que \u00e9 totalmente poss\u00edvel encaminhar a conclus\u00e3o nesta ter\u00e7a, como \u00e9 o anseio de todos os vigilantes do Brasil&#8221;, enfatiza o presidente da CNTV.<\/p>\n<p><strong>Quem representa os trabalhadores<\/strong><\/p>\n<p>Al\u00e9m de Boaventura e Ademir, que s\u00e3o representantes da CUT, tamb\u00e9m integram a bancada das centrais sindicais: pela Uni\u00e3o Geral dos Trabalhadores (UGT), Adriano Linhares, presidente do Sindicato dos Vigilantes de Petr\u00f3polis; pela Nova Central (NCST), Fernando Bandeira, presidente da Federa\u00e7\u00e3o dos Vigilantes no Estado do Rio de Janeiro; e pela For\u00e7a Sindical, Pedro Ara\u00fajo, presidente da Federa\u00e7\u00e3o dos Vigilantes do Estado de S\u00e3o Paulo.<\/p>\n","protected":false},"excerpt":{"rendered":"<p>O Grupo Tripartite de Trabalho (GTT), formado por representantes do governo, trabalhadores e empres\u00e1rios para a elabora\u00e7\u00e3o do texto do Anexo III da Norma Regulamentadora (NR) n\u00ba16, que trata do adicional de risco de vida\/periculosidade, volta a se reunir nesta ter\u00e7a-feira (15), \u00e0s 10h, nas depend\u00eancias do Minist\u00e9rio do Trabalho e Emprego (MTE), em Bras\u00edlia. [&hellip;]<\/p>\n","protected":false},"author":1,"featured_media":0,"comment_status":"open","ping_status":"open","sticky":false,"template":"","format":"standard","meta":{"ngg_post_thumbnail":0,"footnotes":""},"categories":[4],"tags":[],"class_list":["post-8389","post","type-post","status-publish","format-standard","hentry","category-noticias"],"_links":{"self":[{"href":"https:\/\/www.sindvalores.com.br\/site\/wp-json\/wp\/v2\/posts\/8389","targetHints":{"allow":["GET"]}}],"collection":[{"href":"https:\/\/www.sindvalores.com.br\/site\/wp-json\/wp\/v2\/posts"}],"about":[{"href":"https:\/\/www.sindvalores.com.br\/site\/wp-json\/wp\/v2\/types\/post"}],"author":[{"embeddable":true,"href":"https:\/\/www.sindvalores.com.br\/site\/wp-json\/wp\/v2\/users\/1"}],"replies":[{"embeddable":true,"href":"https:\/\/www.sindvalores.com.br\/site\/wp-json\/wp\/v2\/comments?post=8389"}],"version-history":[{"count":1,"href":"https:\/\/www.sindvalores.com.br\/site\/wp-json\/wp\/v2\/posts\/8389\/revisions"}],"predecessor-version":[{"id":8390,"href":"https:\/\/www.sindvalores.com.br\/site\/wp-json\/wp\/v2\/posts\/8389\/revisions\/8390"}],"wp:attachment":[{"href":"https:\/\/www.sindvalores.com.br\/site\/wp-json\/wp\/v2\/media?parent=8389"}],"wp:term":[{"taxonomy":"category","embeddable":true,"href":"https:\/\/www.sindvalores.com.br\/site\/wp-json\/wp\/v2\/categories?post=8389"},{"taxonomy":"post_tag","embeddable":true,"href":"https:\/\/www.sindvalores.com.br\/site\/wp-json\/wp\/v2\/tags?post=8389"}],"curies":[{"name":"wp","href":"https:\/\/api.w.org\/{rel}","templated":true}]}}