{"id":8395,"date":"2015-03-02T13:36:44","date_gmt":"2015-03-02T13:36:44","guid":{"rendered":"http:\/\/sindvalores.com.br\/site\/?p=8395"},"modified":"2015-03-02T13:36:44","modified_gmt":"2015-03-02T13:36:44","slug":"pl-4330-sai-da-ccjc-e-berzoini-cobra-acordo-para-nao-votacao-na-camara","status":"publish","type":"post","link":"https:\/\/www.sindvalores.com.br\/site\/institucional\/noticias\/pl-4330-sai-da-ccjc-e-berzoini-cobra-acordo-para-nao-votacao-na-camara","title":{"rendered":"\u00bb PL 4330 sai da CCJC e Berzoini cobra acordo para n\u00e3o vota\u00e7\u00e3o na C\u00e2mara"},"content":{"rendered":"<p><img fetchpriority=\"high\" decoding=\"async\" class=\"alignleft\" src=\"http:\/\/www.contrafcut.org.br\/images\/noticias\/13101622617.jpeg\" alt=\"\" width=\"250\" height=\"234\" \/>O Projeto de Lei (PL) 4330\/2004, do empres\u00e1rio e deputado Sandro Mabel (PMDB-GO), que permite a terceiriza\u00e7\u00e3o em todas as \u00e1reas das empresas, saiu da Comiss\u00e3o de Constitui\u00e7\u00e3o e Justi\u00e7a e de Cidadania (CCJC) e foi para a Coordena\u00e7\u00e3o de Comiss\u00f5es Permanentes (CCP) da C\u00e2mara dos Deputados, na ter\u00e7a-feira 15.<\/p>\n<p>O deputado federal Ricardo Berzoini (PT-SP), que \u00e9 e membro da CCJC, explica que isso ocorreu porque transcorreu o prazo adicional de cinco sess\u00f5es determinado pelo presidente da C\u00e2mara sem que o projeto fosse votado.<\/p>\n<p>Teoricamente, segundo Berzoini, o PL 4330 est\u00e1 pronto para ir ao plen\u00e1rio da C\u00e2mara, mas o deputado lembra que foi feito um acordo com as bancadas do PT, PCdoB e com diversos parlamentares de outros partidos para que o projeto n\u00e3o seja votado.<\/p>\n<p>&#8220;Por defini\u00e7\u00e3o pol\u00edtica, o presidente da C\u00e2mara pode pautar o projeto no plen\u00e1rio, mas estamos trabalhando no sentido de refor\u00e7ar que seria uma vota\u00e7\u00e3o conflituosa e que a C\u00e2mara ficaria com uma imagem negativa, de que estaria com a inten\u00e7\u00e3o de retirar direitos e de pulverizar a organiza\u00e7\u00e3o sindical dos trabalhadores&#8221;, informou o deputado,<\/p>\n<p>Berzoini lembrou ainda que a bancada do PT continua trabalhando para que o PL 4330 n\u00e3o seja votado nem neste nem no ano que vem.<\/p>\n<p>Fonte: Contraf-CUT com Seeb S\u00e3o Paulo<\/p>\n","protected":false},"excerpt":{"rendered":"<p>O Projeto de Lei (PL) 4330\/2004, do empres\u00e1rio e deputado Sandro Mabel (PMDB-GO), que permite a terceiriza\u00e7\u00e3o em todas as \u00e1reas das empresas, saiu da Comiss\u00e3o de Constitui\u00e7\u00e3o e Justi\u00e7a e de Cidadania (CCJC) e foi para a Coordena\u00e7\u00e3o de Comiss\u00f5es Permanentes (CCP) da C\u00e2mara dos Deputados, na ter\u00e7a-feira 15. O deputado federal Ricardo Berzoini [&hellip;]<\/p>\n","protected":false},"author":1,"featured_media":0,"comment_status":"open","ping_status":"open","sticky":false,"template":"","format":"standard","meta":{"ngg_post_thumbnail":0,"footnotes":""},"categories":[4],"tags":[],"class_list":["post-8395","post","type-post","status-publish","format-standard","hentry","category-noticias"],"_links":{"self":[{"href":"https:\/\/www.sindvalores.com.br\/site\/wp-json\/wp\/v2\/posts\/8395","targetHints":{"allow":["GET"]}}],"collection":[{"href":"https:\/\/www.sindvalores.com.br\/site\/wp-json\/wp\/v2\/posts"}],"about":[{"href":"https:\/\/www.sindvalores.com.br\/site\/wp-json\/wp\/v2\/types\/post"}],"author":[{"embeddable":true,"href":"https:\/\/www.sindvalores.com.br\/site\/wp-json\/wp\/v2\/users\/1"}],"replies":[{"embeddable":true,"href":"https:\/\/www.sindvalores.com.br\/site\/wp-json\/wp\/v2\/comments?post=8395"}],"version-history":[{"count":1,"href":"https:\/\/www.sindvalores.com.br\/site\/wp-json\/wp\/v2\/posts\/8395\/revisions"}],"predecessor-version":[{"id":8396,"href":"https:\/\/www.sindvalores.com.br\/site\/wp-json\/wp\/v2\/posts\/8395\/revisions\/8396"}],"wp:attachment":[{"href":"https:\/\/www.sindvalores.com.br\/site\/wp-json\/wp\/v2\/media?parent=8395"}],"wp:term":[{"taxonomy":"category","embeddable":true,"href":"https:\/\/www.sindvalores.com.br\/site\/wp-json\/wp\/v2\/categories?post=8395"},{"taxonomy":"post_tag","embeddable":true,"href":"https:\/\/www.sindvalores.com.br\/site\/wp-json\/wp\/v2\/tags?post=8395"}],"curies":[{"name":"wp","href":"https:\/\/api.w.org\/{rel}","templated":true}]}}