{"id":8501,"date":"2015-03-02T14:27:15","date_gmt":"2015-03-02T14:27:15","guid":{"rendered":"http:\/\/sindvalores.com.br\/site\/?p=8501"},"modified":"2015-03-02T14:27:15","modified_gmt":"2015-03-02T14:27:15","slug":"senado-aprova-pec-do-trabalho-escravo","status":"publish","type":"post","link":"https:\/\/www.sindvalores.com.br\/site\/institucional\/noticias\/senado-aprova-pec-do-trabalho-escravo","title":{"rendered":"\u00bb Senado aprova PEC do Trabalho Escravo"},"content":{"rendered":"<p>O plen\u00e1rio do Senado\u00a0aprovou nesta ter\u00e7a-feira (27),\u00a0por unanimidade, a Proposta de\u00a0Emenda \u00e0 Constitui\u00e7\u00e3o (PEC) do\u00a0Trabalho Escravo, que determina a\u00a0expropria\u00e7\u00e3o de im\u00f3veis urbanos\u00a0e rurais onde seja constatada a\u00a0explora\u00e7\u00e3o de trabalho an\u00e1logo \u00e0\u00a0escravid\u00e3o.<\/p>\n<p>&nbsp;<\/p>\n<p>Dessa forma, as propriedades\u00a0em que esse tipo de crime for\u00a0registrado poder\u00e3o ser tomadas pelo\u00a0poder p\u00fablico sem nenhum tipo de\u00a0indeniza\u00e7\u00e3o aos donos e destinadas\u00a0a programas de reforma agr\u00e1ria\u00a0e habita\u00e7\u00e3o popular. Atualmente,\u00a0j\u00e1 existe a previs\u00e3o legal para\u00a0expropria\u00e7\u00e3o de propriedades e\u00a0apenas no caso de produ\u00e7\u00e3o de\u00a0subst\u00e2ncias psicotr\u00f3picas.<\/p>\n<p>&nbsp;<\/p>\n<p>No entanto, a PEC ainda n\u00e3o\u00a0ter\u00e1 efeito pr\u00e1tico porque, durante\u00a0a vota\u00e7\u00e3o, os senadores inclu\u00edram\u00a0uma emenda que submete a\u00a0regulamenta\u00e7\u00e3o dela a uma lei\u00a0complementar. A emenda determina\u00a0que a expropria\u00e7\u00e3o ser\u00e1 feita \u201cna\u00a0forma da lei\u201d. Atualmente, um\u00a0projeto de lei sobre o assunto j\u00e1 est\u00e1\u00a0tramitando na Casa, mas ainda n\u00e3o\u00a0h\u00e1 previs\u00e3o de vota\u00e7\u00e3o.<\/p>\n<p>&nbsp;<\/p>\n<p>Mesmo assim, a ministra de\u00a0Direitos Humanos, Ideli Salvatti,\u00a0comemorou a aprova\u00e7\u00e3o da PEC. Ela\u00a0passou o dia no Senado articulando\u00a0a vota\u00e7\u00e3o da proposta e disse que ela \u00a0ser\u00e1 agora apresentada na conven\u00e7\u00e3o\u00a0internacional da Organiza\u00e7\u00e3o\u00a0Internacional do Trabalho (OIT),\u00a0que acontecer\u00e1 na pr\u00f3xima semana.<\/p>\n<p>&nbsp;<\/p>\n<p>\u201cLevar essa aprova\u00e7\u00e3o para\u00a0a confer\u00eancia da OIT \u00e9 uma\u00a0sinaliza\u00e7\u00e3o importante do Brasil\u00a0sobre esse assunto, equivale ao que\u00a0foi a aprova\u00e7\u00e3o do Marco Civil da\u00a0Internet. N\u00f3s vamos ser o primeiro\u00a0pa\u00eds a ter na sua Constitui\u00e7\u00e3o a\u00a0possibilidade de expropria\u00e7\u00e3o de\u00a0bens onde seja encontrado trabalho\u00a0escravo\u201d, disse a ministra.<\/p>\n<p>&nbsp;<\/p>\n<p>A promulga\u00e7\u00e3o da PEC ser\u00e1 feita\u00a0em sess\u00e3o solene na quinta-feira\u00a0(5) da pr\u00f3xima semana. O texto foi\u00a0aprovado com 59 votos favor\u00e1veis no\u00a0primeiro turno e 60 votos favor\u00e1veis\u00a0no segundo turno, sem absten\u00e7\u00f5es\u00a0nem votos contr\u00e1rios.<\/p>\n<p>&nbsp;<\/p>\n<p>Fonte: Ag\u00eancia Senado<\/p>\n","protected":false},"excerpt":{"rendered":"<p>O plen\u00e1rio do Senado\u00a0aprovou nesta ter\u00e7a-feira (27),\u00a0por unanimidade, a Proposta de\u00a0Emenda \u00e0 Constitui\u00e7\u00e3o (PEC) do\u00a0Trabalho Escravo, que determina a\u00a0expropria\u00e7\u00e3o de im\u00f3veis urbanos\u00a0e rurais onde seja constatada a\u00a0explora\u00e7\u00e3o de trabalho an\u00e1logo \u00e0\u00a0escravid\u00e3o. &nbsp; Dessa forma, as propriedades\u00a0em que esse tipo de crime for\u00a0registrado poder\u00e3o ser tomadas pelo\u00a0poder p\u00fablico sem nenhum tipo de\u00a0indeniza\u00e7\u00e3o aos donos e destinadas\u00a0a [&hellip;]<\/p>\n","protected":false},"author":1,"featured_media":0,"comment_status":"open","ping_status":"open","sticky":false,"template":"","format":"standard","meta":{"ngg_post_thumbnail":0,"footnotes":""},"categories":[4],"tags":[],"class_list":["post-8501","post","type-post","status-publish","format-standard","hentry","category-noticias"],"_links":{"self":[{"href":"https:\/\/www.sindvalores.com.br\/site\/wp-json\/wp\/v2\/posts\/8501","targetHints":{"allow":["GET"]}}],"collection":[{"href":"https:\/\/www.sindvalores.com.br\/site\/wp-json\/wp\/v2\/posts"}],"about":[{"href":"https:\/\/www.sindvalores.com.br\/site\/wp-json\/wp\/v2\/types\/post"}],"author":[{"embeddable":true,"href":"https:\/\/www.sindvalores.com.br\/site\/wp-json\/wp\/v2\/users\/1"}],"replies":[{"embeddable":true,"href":"https:\/\/www.sindvalores.com.br\/site\/wp-json\/wp\/v2\/comments?post=8501"}],"version-history":[{"count":1,"href":"https:\/\/www.sindvalores.com.br\/site\/wp-json\/wp\/v2\/posts\/8501\/revisions"}],"predecessor-version":[{"id":8502,"href":"https:\/\/www.sindvalores.com.br\/site\/wp-json\/wp\/v2\/posts\/8501\/revisions\/8502"}],"wp:attachment":[{"href":"https:\/\/www.sindvalores.com.br\/site\/wp-json\/wp\/v2\/media?parent=8501"}],"wp:term":[{"taxonomy":"category","embeddable":true,"href":"https:\/\/www.sindvalores.com.br\/site\/wp-json\/wp\/v2\/categories?post=8501"},{"taxonomy":"post_tag","embeddable":true,"href":"https:\/\/www.sindvalores.com.br\/site\/wp-json\/wp\/v2\/tags?post=8501"}],"curies":[{"name":"wp","href":"https:\/\/api.w.org\/{rel}","templated":true}]}}