{"id":8594,"date":"2015-03-02T14:57:19","date_gmt":"2015-03-02T14:57:19","guid":{"rendered":"http:\/\/sindvalores.com.br\/site\/?p=8594"},"modified":"2015-03-02T14:57:19","modified_gmt":"2015-03-02T14:57:19","slug":"bancarios-alertam-para-risco-de-desmonte-e-privatizacao-de-bancos-publicos","status":"publish","type":"post","link":"https:\/\/www.sindvalores.com.br\/site\/institucional\/noticias\/bancarios-alertam-para-risco-de-desmonte-e-privatizacao-de-bancos-publicos","title":{"rendered":"\u00bb Banc\u00e1rios alertam para risco de desmonte e privatiza\u00e7\u00e3o de bancos p\u00fablicos"},"content":{"rendered":"<p><img decoding=\"async\" class=\"aligncenter\" src=\"http:\/\/www.contrafcut.org.br\/images\/noticias\/14102195243.jpg\" alt=\"\" \/><\/p>\n<p>&nbsp;<\/p>\n<p>A CUT e os banc\u00e1rios realizaram nesta segunda-feira (20) um dia nacional de luta em defesa dos bancos e empresas estatais contra as amea\u00e7as de enfraquecimento e os riscos de privatiza\u00e7\u00e3o que surgiram na campanha eleitoral. Houve manifesta\u00e7\u00f5es em v\u00e1rias cidades, como S\u00e3o Paulo, Bras\u00edlia e Belo Horizonte, com a participa\u00e7\u00e3o de dirigentes sindicais e representantes de centrais sindicais e outras entidades.<\/p>\n<p>A mobiliza\u00e7\u00e3o foi uma rea\u00e7\u00e3o ao \u00e1udio divulgado pelo blog O Cafezinho, onde Arm\u00ednio Fraga, ex-presidente do Banco Central no governo FHC e anunciado como futuro ministro de A\u00e9cio Neves, defende a redu\u00e7\u00e3o da atua\u00e7\u00e3o do BB, Caixa e BNDES. Ele disse que &#8220;provavelmente vai chegar um ponto em que talvez n\u00e3o tenham tantas fun\u00e7\u00f5es. N\u00e3o sei muito bem o que vai sobrar no final da linha. Talvez n\u00e3o muito&#8221;. O tema foi tamb\u00e9m discutido em v\u00e1rios debates na TV entre Dilma e A\u00e9cio.<\/p>\n<p>O presidente da Contraf-CUT, Carlos Cordeiro, alertou que &#8221; a sociedade brasileira n\u00e3o pode permitir esse retrocesso \u00e0 d\u00e9cada neoliberal dos tucanos e abrir m\u00e3o dos bancos p\u00fablicos, cuja import\u00e2ncia para o desenvolvimento econ\u00f4mico e social do pa\u00eds tornaram-se mais evidentes do que nunca a partir da crise internacional de 2008, provocada pela irresponsabilidade do mercado financeiro a que Arm\u00ednio Fraga representa&#8221;.<\/p>\n<p><a href=\"http:\/\/www.brasil247.com\/pt\/247\/artigos\/156968\/Fortalecer-bancos-p%C3%BAblicos-para-gerar-mais-desenvolvimento-e-distribui%C3%A7%C3%A3o-de-renda.htm\" target=\"_blank\">Leia o artigo de Carlos Cordeiro publicado no portal Brasil 247<\/a>\u00a0.<\/p>\n<p>&#8220;Foi gra\u00e7as \u00e0 atua\u00e7\u00e3o dos bancos p\u00fablicos que o Brasil superou a crise de 2008. Os bancos privados fecharam a torneira e encareceram o cr\u00e9dito. Por decis\u00e3o do governo, os bancos p\u00fablicos ampliaram a oferta de cr\u00e9dito. Antes da crise, eles detinham 36% das opera\u00e7\u00f5es de cr\u00e9dito de todo o sistema financeiro. Saltaram para 51% do mercado, mantendo assim a roda da economia funcionando, o consumo aquecido e gerando empregos&#8221;, acrescenta o presidente da Contraf-CUT.<\/p>\n<p><strong>Tucanos privatizaram o Banespa<\/strong><\/p>\n<p>Em S\u00e3o Paulo, os trabalhadores promoveram uma caminhada no centro da cidade, fazendo um protesto em frente ao edif\u00edcio-sede do Banespa, privatizado no governo FHC. Depois, foi realizado um ato diante da antiga ag\u00eancia da Nossa Caixa, adquirida pelo Banco do Brasil.<\/p>\n<p>Al\u00e9m da CUT, participaram dirigentes do Sindicato, Contraf-CUT, Fetec-CUT\/SP, Intesindical e Afubesp, dentre outras representa\u00e7\u00f5es.<\/p>\n<p>Os banc\u00e1rios lembraram os quase 14 anos da privatiza\u00e7\u00e3o do Banespa. O maior banco estadual do pa\u00eds foi entregue no dia 20 de novembro de 2000. Os dirigentes sindicais recordaram que o candidato a governador M\u00e1rio Covas (PSDB) tinha enviado carta antes das elei\u00e7\u00f5es de 1994 aos funcion\u00e1rios. &#8220;Meu compromisso \u00e9 o de resgatar a grandeza e a tradi\u00e7\u00e3o do Banespa&#8221;, escreveu Covas. &#8220;No meu governo, o Banespa ter\u00e1 uma diretoria profissionalizada e s\u00e9ria&#8221;, ressaltou.<\/p>\n<p>Apesar da luta e resist\u00eancia dos banc\u00e1rios, que durou quase seis anos, o banco foi vendido para o Santander, causando demiss\u00f5es, perda de direitos e fechamento de ag\u00eancias.<\/p>\n<p>Os dirigentes sindicais criticaram A\u00e9cio que, ap\u00f3s a onda de protestos em defesa dos bancos p\u00fablicos, disse no debate da Record que quer uma diretoria profissionalizada, como se os atuais funcion\u00e1rios dos bancos p\u00fablicos n\u00e3o fossem profissionais. Ele, sim, quando foi nomeado diretor de loterias da Caixa, em 1985, n\u00e3o era um profissional.<\/p>\n<p><strong>Tucanos venderam a Nossa Caixa\u00a0<\/strong><\/p>\n<p>O ex-governador Jos\u00e9 Serra (PSDB) fez igual promessa em rela\u00e7\u00e3o \u00e0 Nossa Caixa Nosso Banco, a segunda mais importante institui\u00e7\u00e3o financeira p\u00fablica paulista. Ele se reuniu com uma comiss\u00e3o de dirigentes sindicais, pouco antes de colocar o banco \u00e0 venda, dizendo que n\u00e3o a venderia.<\/p>\n<p>Mas a Nossa Caixa e o Banespa foram vendidos pelos ex-governadores do PSDB e o estado de S\u00e3o Paulo ficou sem banco p\u00fablico. A Nossa Caixa s\u00f3 n\u00e3o teve o mesmo destino porque o governo Lula, em 2008, logo ap\u00f3s o estouro da crise econ\u00f4mica internacional, decidiu compr\u00e1-lo por interm\u00e9dio do Banco do Brasil. N\u00e3o houve demiss\u00f5es e corte de direitos.<\/p>\n<p><strong>Voc\u00ea acredita nos tucanos?<\/strong><\/p>\n<p>Esses e outros epis\u00f3dios recentes da hist\u00f3ria brasileira foram recordados pelos banc\u00e1rios para denunciar o risco concreto representado pela mais recente proposta tucana de &#8220;profissionalizar&#8221; os bancos p\u00fablicos, como afirmou o candidato do PSDB.<\/p>\n<p>A presidenta do Sindicato dos Banc\u00e1rios e de S\u00e3o Paulo, Osasco e Regi\u00e3o, Juvandia Moreira, lembrou que toda a vez que os tucanos falam em &#8220;profissionalizar&#8221;, &#8220;rever&#8221; ou &#8220;agilizar&#8221;, esvaziam a empresa ou o \u00f3rg\u00e3o p\u00fablico, tornam-no menos eficaz e, em seguida, vendem.<\/p>\n<p>&#8220;Na crise (de 2008), se n\u00e3o fossem os bancos p\u00fablicos para manter a oferta de cr\u00e9dito, o pa\u00eds teria entrado em recess\u00e3o. E a\u00ed todo mundo sofreria com desemprego, infla\u00e7\u00e3o e falta de cr\u00e9dito&#8221;, alertou.<\/p>\n<p><strong>Import\u00e2ncia dos bancos p\u00fablicos<\/strong><\/p>\n<p>O presidente da CUT, Vagner Freitas, afirmou que h\u00e1 uma grande amea\u00e7a pairando sobre os bancos p\u00fablicos. &#8220;Se tem uma riqueza brasileira que o setor privado quer \u00e9 o controle do setor financeiro. Hoje, nosso pa\u00eds tem 50% do mercado de finan\u00e7as controlado pelo poder p\u00fablico e a outra parte, pelo setor privado&#8221;, explicou.<\/p>\n<p>Ele advertiu que quando um banco ou uma empresa p\u00fablica \u00e9 vendido para a iniciativa privada, quem passa a mandar nele n\u00e3o foi eleito pelo povo.<\/p>\n<p>Vagner tamb\u00e9m lembrou a crise de 2008, quando a crise econ\u00f4mica internacional teve in\u00edcio, os bancos privados retiraram dinheiro da pra\u00e7a e passaram e dificultar ainda mais o acesso das pessoas ao cr\u00e9dito. &#8220;Se tivesse dependido s\u00f3 deles, o dinheiro teria sumido e a\u00ed sim, o Brasil ia entrar em crise, porque a produ\u00e7\u00e3o ia parar&#8221;. Por outro lado, completou o presidente da CUT, o Banco do Brasil e a Caixa Econ\u00f4mica ampliaram a oferta de cr\u00e9dito, especialmente para produtos populares, como material de constru\u00e7\u00e3o, e ainda entraram firme no financiamento de grandes projetos como o Minha Casa, Minha Vida.<\/p>\n<p><strong>Ferramentas de desenvolvimento<\/strong><\/p>\n<p>Para o deputado estadual e ex-presidente do Sindicato dos Banc\u00e1rios de s\u00e3o Paulo, Luiz Cl\u00e1udio Marcolino (PT), o Banco do Brasil, a Caixa e o BNDES s\u00e3o os s\u00e3o respons\u00e1veis pela expans\u00e3o do cr\u00e9dito para o consumo e para o desenvolvimento. &#8220;O A\u00e9cio est\u00e1 indo na contram\u00e3o do desenvolvimento brasileiro. Com essas institui\u00e7\u00f5es, n\u00f3s conseguimos provar, nesses 12 anos, a import\u00e2ncia de ter bancos p\u00fablicos atuando para o desenvolvimento do nosso pa\u00eds&#8221;.<\/p>\n<p>&#8220;Para manter e fortalecer o BB, a Caixa, o BNDES e os demais bancos e empresas p\u00fablicas, bem como proteger o emprego, os direitos trabalhistas e o papel social dessas institui\u00e7\u00f5es, o caminho seguro \u00e9 reeleger a presidente Dilma. Os candidatos tucanos n\u00e3o merecem a confian\u00e7a dos trabalhadores brasileiros&#8221;, concluiu Carlos Cordeiro.<\/p>\n<p>Fonte: Contraf-CUT com CUT e Rede Brasil Atual<\/p>\n","protected":false},"excerpt":{"rendered":"<p>&nbsp; A CUT e os banc\u00e1rios realizaram nesta segunda-feira (20) um dia nacional de luta em defesa dos bancos e empresas estatais contra as amea\u00e7as de enfraquecimento e os riscos de privatiza\u00e7\u00e3o que surgiram na campanha eleitoral. Houve manifesta\u00e7\u00f5es em v\u00e1rias cidades, como S\u00e3o Paulo, Bras\u00edlia e Belo Horizonte, com a participa\u00e7\u00e3o de dirigentes sindicais [&hellip;]<\/p>\n","protected":false},"author":1,"featured_media":0,"comment_status":"open","ping_status":"open","sticky":false,"template":"","format":"standard","meta":{"ngg_post_thumbnail":0,"footnotes":""},"categories":[4],"tags":[],"class_list":["post-8594","post","type-post","status-publish","format-standard","hentry","category-noticias"],"_links":{"self":[{"href":"https:\/\/www.sindvalores.com.br\/site\/wp-json\/wp\/v2\/posts\/8594","targetHints":{"allow":["GET"]}}],"collection":[{"href":"https:\/\/www.sindvalores.com.br\/site\/wp-json\/wp\/v2\/posts"}],"about":[{"href":"https:\/\/www.sindvalores.com.br\/site\/wp-json\/wp\/v2\/types\/post"}],"author":[{"embeddable":true,"href":"https:\/\/www.sindvalores.com.br\/site\/wp-json\/wp\/v2\/users\/1"}],"replies":[{"embeddable":true,"href":"https:\/\/www.sindvalores.com.br\/site\/wp-json\/wp\/v2\/comments?post=8594"}],"version-history":[{"count":1,"href":"https:\/\/www.sindvalores.com.br\/site\/wp-json\/wp\/v2\/posts\/8594\/revisions"}],"predecessor-version":[{"id":8595,"href":"https:\/\/www.sindvalores.com.br\/site\/wp-json\/wp\/v2\/posts\/8594\/revisions\/8595"}],"wp:attachment":[{"href":"https:\/\/www.sindvalores.com.br\/site\/wp-json\/wp\/v2\/media?parent=8594"}],"wp:term":[{"taxonomy":"category","embeddable":true,"href":"https:\/\/www.sindvalores.com.br\/site\/wp-json\/wp\/v2\/categories?post=8594"},{"taxonomy":"post_tag","embeddable":true,"href":"https:\/\/www.sindvalores.com.br\/site\/wp-json\/wp\/v2\/tags?post=8594"}],"curies":[{"name":"wp","href":"https:\/\/api.w.org\/{rel}","templated":true}]}}