{"id":9608,"date":"2015-03-19T14:03:33","date_gmt":"2015-03-19T14:03:33","guid":{"rendered":"http:\/\/sindvalores.com.br\/site\/?p=9608"},"modified":"2015-03-19T14:03:33","modified_gmt":"2015-03-19T14:03:33","slug":"vigilante-e-detido-com-municoes-de-uso-restrito","status":"publish","type":"post","link":"https:\/\/www.sindvalores.com.br\/site\/institucional\/a-criminalidade-pelo-brasil\/vigilante-e-detido-com-municoes-de-uso-restrito","title":{"rendered":"\u00bb Vigilante \u00e9 detido com muni\u00e7\u00f5es de uso restrito"},"content":{"rendered":"<table border=\"0\" width=\"100%\">\n<tbody>\n<tr>\n<td>O vigilante Giovani Guilherme da Silva, 32 anos, foi preso segunda-feira a noite em Piedade, acusado de recepta\u00e7\u00e3o e de posse de muni\u00e7\u00e3o de uso restrito. Os policiais militares chegaram at\u00e9 ele, no bairro Butuca, por causa de uma den\u00fancia de tr\u00e1fico de entorpecentes. \u00c1s 23h40, policiais militares foram at\u00e9 sua casa na rua Jos\u00e9 Leite de Oliveira. Em revista no interior do im\u00f3vel, os PMs apreenderam tr\u00eas muni\u00e7\u00f5es de calibre 45, uma calibre 9mm e outra .40. Tamb\u00e9m recolheram dois celulares, um Playstation II, um monitor de computador LCD, uma TV LCD 40&#8243;, e outros objetos de origem suspeita. Os policiais n\u00e3o encontraram drogas, mas Giovani acabou autuado em flagrante pelo delegado Jos\u00e9 Chaves de Melo.<\/td>\n<\/tr>\n<tr>\n<td><\/td>\n<\/tr>\n<tr>\n<td>Fonte: Cruzeiro do Sul Online<\/td>\n<\/tr>\n<\/tbody>\n<\/table>\n","protected":false},"excerpt":{"rendered":"<p>O vigilante Giovani Guilherme da Silva, 32 anos, foi preso segunda-feira a noite em Piedade, acusado de recepta\u00e7\u00e3o e de posse de muni\u00e7\u00e3o de uso restrito. Os policiais militares chegaram at\u00e9 ele, no bairro Butuca, por causa de uma den\u00fancia de tr\u00e1fico de entorpecentes. \u00c1s 23h40, policiais militares foram at\u00e9 sua casa na rua Jos\u00e9 [&hellip;]<\/p>\n","protected":false},"author":1,"featured_media":0,"comment_status":"open","ping_status":"open","sticky":false,"template":"","format":"standard","meta":{"ngg_post_thumbnail":0,"footnotes":""},"categories":[10],"tags":[],"class_list":["post-9608","post","type-post","status-publish","format-standard","hentry","category-a-criminalidade-pelo-brasil"],"_links":{"self":[{"href":"https:\/\/www.sindvalores.com.br\/site\/wp-json\/wp\/v2\/posts\/9608","targetHints":{"allow":["GET"]}}],"collection":[{"href":"https:\/\/www.sindvalores.com.br\/site\/wp-json\/wp\/v2\/posts"}],"about":[{"href":"https:\/\/www.sindvalores.com.br\/site\/wp-json\/wp\/v2\/types\/post"}],"author":[{"embeddable":true,"href":"https:\/\/www.sindvalores.com.br\/site\/wp-json\/wp\/v2\/users\/1"}],"replies":[{"embeddable":true,"href":"https:\/\/www.sindvalores.com.br\/site\/wp-json\/wp\/v2\/comments?post=9608"}],"version-history":[{"count":1,"href":"https:\/\/www.sindvalores.com.br\/site\/wp-json\/wp\/v2\/posts\/9608\/revisions"}],"predecessor-version":[{"id":9609,"href":"https:\/\/www.sindvalores.com.br\/site\/wp-json\/wp\/v2\/posts\/9608\/revisions\/9609"}],"wp:attachment":[{"href":"https:\/\/www.sindvalores.com.br\/site\/wp-json\/wp\/v2\/media?parent=9608"}],"wp:term":[{"taxonomy":"category","embeddable":true,"href":"https:\/\/www.sindvalores.com.br\/site\/wp-json\/wp\/v2\/categories?post=9608"},{"taxonomy":"post_tag","embeddable":true,"href":"https:\/\/www.sindvalores.com.br\/site\/wp-json\/wp\/v2\/tags?post=9608"}],"curies":[{"name":"wp","href":"https:\/\/api.w.org\/{rel}","templated":true}]}}