{"id":9617,"date":"2015-03-19T14:05:12","date_gmt":"2015-03-19T14:05:12","guid":{"rendered":"http:\/\/sindvalores.com.br\/site\/?p=9617"},"modified":"2015-03-19T14:05:12","modified_gmt":"2015-03-19T14:05:12","slug":"sorriso-ladrao-morto-por-vigilante-deve-ser-sepultado-como-indigente","status":"publish","type":"post","link":"https:\/\/www.sindvalores.com.br\/site\/institucional\/a-criminalidade-pelo-brasil\/sorriso-ladrao-morto-por-vigilante-deve-ser-sepultado-como-indigente","title":{"rendered":"\u00bb Sorriso: Ladr\u00e3o morto por vigilante deve ser sepultado como indigente"},"content":{"rendered":"<table border=\"0\" width=\"100%\">\n<tbody>\n<tr>\n<td>O arrombamento de um estabelecimento comercial durante as \u00faltimas horas do dia de ontem em Sorriso, custou \u00e0 vida do ladr\u00e3o depois de ser perseguido por vigilantes de empresa privada.<\/p>\n<p>Segundo boletim de ocorr\u00eancia, ap\u00f3s ser arrombado um estabelecimento comercial localizado na Rua Otavio Souza Cruz \u2013 Avenida Marginal Esquerda \u2013 o alarme disparou e foi feito o acompanhamento da vigil\u00e2ncia. Quando chegava ao local o vigilante percebeu que deixava o estabelecimento um homem levando alguns objetos. Houve tentativa de abordagem quando o ladr\u00e3o empreendeu fuga sendo perseguido.<\/p>\n<p>Os objetos &#8211; um note book e alguns aparelhos celulares &#8211; foram sendo deixados para tr\u00e1s durante a fuga. Houve solicita\u00e7\u00e3o de refor\u00e7o e o ladr\u00e3o foi abordado j\u00e1 na Avenida Tancredo Neves e em um terreno baldio e sem ilumina\u00e7\u00e3o ladr\u00e3o e o outro vigilante \u2013 solicitado refor\u00e7o \u2013 entraram em luta corporal. Depois de alguns minutos de luta, o bandido &#8211; que chegou a tirar o capacete do vigilante- foi imobilizado por uma \u201cchave de bra\u00e7o\u201d e jogado ao solo.<\/p>\n<p>Com a chegada da Policia Civil, foi constatado de que o mesmo n\u00e3o apresentava sinais vitais e comunicado ao Comando de Bombeiros, sendo o corpo conduzido para o IML onde est\u00e1 sendo necropsiado e caso n\u00e3o haja reclama\u00e7\u00e3o de parentes ser\u00e1 sepultado como indigente. Para o delegado de policia de Sorriso, Dr. Thiago Damasceno o vigia foi detido em flagrante e comunicada a autoridade judici\u00e1ria.<\/p>\n<p>\u201cEstamos providenciando na confec\u00e7\u00e3o do inqu\u00e9rito, esperamos a manifesta\u00e7\u00e3o da autoridade judici\u00e1ria para saber da deten\u00e7\u00e3o ou n\u00e3o do vigilante uma vez que eu \u2013 delegado \u2013 n\u00e3o pretendo representar contra o mesmo com o pedido de pris\u00e3o preventiva\u201d, comunicou o delegado, sem deixar de salientar que ser\u00e1 tamb\u00e9m averiguado o uso de for\u00e7a excessiva, com a possibilidade de que, al\u00e9m da defesa pessoal o emprego de excesso, sem que houvesse a possibilidade de preserva\u00e7\u00e3o da vida.<\/p>\n<p>O ladr\u00e3o ainda possu\u00eda alguns celulares nos bolsos da cal\u00e7a, mas n\u00e3o portava nenhum documento o que impossibilita at\u00e9 o momento a sua identifica\u00e7\u00e3o. Um profissional da Politec est\u00e1 efetuando a necropsia, par a confirmar a causa mortis.<\/p>\n<p>Fonte: Fernando Lu\u00eds com Eduardo Turella<\/td>\n<\/tr>\n<tr>\n<td><\/td>\n<\/tr>\n<tr>\n<td>Fonte: R\u00e1dio Sorriso<\/td>\n<\/tr>\n<\/tbody>\n<\/table>\n","protected":false},"excerpt":{"rendered":"<p>O arrombamento de um estabelecimento comercial durante as \u00faltimas horas do dia de ontem em Sorriso, custou \u00e0 vida do ladr\u00e3o depois de ser perseguido por vigilantes de empresa privada. Segundo boletim de ocorr\u00eancia, ap\u00f3s ser arrombado um estabelecimento comercial localizado na Rua Otavio Souza Cruz \u2013 Avenida Marginal Esquerda \u2013 o alarme disparou e [&hellip;]<\/p>\n","protected":false},"author":1,"featured_media":0,"comment_status":"open","ping_status":"open","sticky":false,"template":"","format":"standard","meta":{"ngg_post_thumbnail":0,"footnotes":""},"categories":[10],"tags":[],"class_list":["post-9617","post","type-post","status-publish","format-standard","hentry","category-a-criminalidade-pelo-brasil"],"_links":{"self":[{"href":"https:\/\/www.sindvalores.com.br\/site\/wp-json\/wp\/v2\/posts\/9617","targetHints":{"allow":["GET"]}}],"collection":[{"href":"https:\/\/www.sindvalores.com.br\/site\/wp-json\/wp\/v2\/posts"}],"about":[{"href":"https:\/\/www.sindvalores.com.br\/site\/wp-json\/wp\/v2\/types\/post"}],"author":[{"embeddable":true,"href":"https:\/\/www.sindvalores.com.br\/site\/wp-json\/wp\/v2\/users\/1"}],"replies":[{"embeddable":true,"href":"https:\/\/www.sindvalores.com.br\/site\/wp-json\/wp\/v2\/comments?post=9617"}],"version-history":[{"count":1,"href":"https:\/\/www.sindvalores.com.br\/site\/wp-json\/wp\/v2\/posts\/9617\/revisions"}],"predecessor-version":[{"id":9618,"href":"https:\/\/www.sindvalores.com.br\/site\/wp-json\/wp\/v2\/posts\/9617\/revisions\/9618"}],"wp:attachment":[{"href":"https:\/\/www.sindvalores.com.br\/site\/wp-json\/wp\/v2\/media?parent=9617"}],"wp:term":[{"taxonomy":"category","embeddable":true,"href":"https:\/\/www.sindvalores.com.br\/site\/wp-json\/wp\/v2\/categories?post=9617"},{"taxonomy":"post_tag","embeddable":true,"href":"https:\/\/www.sindvalores.com.br\/site\/wp-json\/wp\/v2\/tags?post=9617"}],"curies":[{"name":"wp","href":"https:\/\/api.w.org\/{rel}","templated":true}]}}