{"id":9622,"date":"2015-03-19T14:05:56","date_gmt":"2015-03-19T14:05:56","guid":{"rendered":"http:\/\/sindvalores.com.br\/site\/?p=9622"},"modified":"2015-03-19T14:05:56","modified_gmt":"2015-03-19T14:05:56","slug":"crianca-e-baleada-na-cabeca-durante-assalto-a-banco","status":"publish","type":"post","link":"https:\/\/www.sindvalores.com.br\/site\/institucional\/a-criminalidade-pelo-brasil\/crianca-e-baleada-na-cabeca-durante-assalto-a-banco","title":{"rendered":"\u00bb Crian\u00e7a \u00e9 baleada na cabe\u00e7a durante assalto a banco"},"content":{"rendered":"<table border=\"0\" width=\"100%\">\n<tbody>\n<tr>\n<td>Vin\u00edcius Riguetti Borges, de 7 anos, baleado na cabe\u00e7a durante tentativa de assalto a uma ag\u00eancia banc\u00e1ria, em Guarulhos, na Grande S\u00e3o Paulo, passou por uma cirurgia nesta sexta-feira, 27, para retirada do proj\u00e9til.<\/p>\n<p>Segundo boletim divulgado pelo Hospital Santa Catarina, o menino permanece em coma induzido por medica\u00e7\u00f5es e respira com a ajuda de aparelhos. O procedimento cir\u00fargico foi realizado &#8220;sem intercorr\u00eancias&#8221;.<\/p>\n<p>A crian\u00e7a deu entrada na unidade \u00e0 1h24 do \u00faltimo dia 21. Ele foi baleado por volta das 15h30 de sexta-feira, 20, no estacionamento de uma ag\u00eancia banc\u00e1ria Ita\u00fa, na Rua Santo Ant\u00f4nio, no bairro de Vila Galv\u00e3o. Segundo a Pol\u00edcia Militar, houve troca de tiros entre os criminosos e os policiais e o menino foi atingido na cabe\u00e7a.<\/p>\n<p>A crian\u00e7a foi levada para o Pronto-Socorro do Mandaqui, na zona norte de S\u00e3o Paulo, onde passou por cirurgia para avaliar a press\u00e3o intracraniana. Segundo a Secretaria de Estado da Sa\u00fade, a bala entrou pela base do nariz e se alojou na lateral do c\u00e9rebro. Depois, ele foi transferido para o Hospital Santa Catarina, na regi\u00e3o da Paulista.<\/td>\n<\/tr>\n<tr>\n<td><\/td>\n<\/tr>\n<tr>\n<td>Fonte: Bonde News<\/td>\n<\/tr>\n<\/tbody>\n<\/table>\n","protected":false},"excerpt":{"rendered":"<p>Vin\u00edcius Riguetti Borges, de 7 anos, baleado na cabe\u00e7a durante tentativa de assalto a uma ag\u00eancia banc\u00e1ria, em Guarulhos, na Grande S\u00e3o Paulo, passou por uma cirurgia nesta sexta-feira, 27, para retirada do proj\u00e9til. Segundo boletim divulgado pelo Hospital Santa Catarina, o menino permanece em coma induzido por medica\u00e7\u00f5es e respira com a ajuda de [&hellip;]<\/p>\n","protected":false},"author":1,"featured_media":0,"comment_status":"open","ping_status":"open","sticky":false,"template":"","format":"standard","meta":{"ngg_post_thumbnail":0,"footnotes":""},"categories":[10],"tags":[],"class_list":["post-9622","post","type-post","status-publish","format-standard","hentry","category-a-criminalidade-pelo-brasil"],"_links":{"self":[{"href":"https:\/\/www.sindvalores.com.br\/site\/wp-json\/wp\/v2\/posts\/9622","targetHints":{"allow":["GET"]}}],"collection":[{"href":"https:\/\/www.sindvalores.com.br\/site\/wp-json\/wp\/v2\/posts"}],"about":[{"href":"https:\/\/www.sindvalores.com.br\/site\/wp-json\/wp\/v2\/types\/post"}],"author":[{"embeddable":true,"href":"https:\/\/www.sindvalores.com.br\/site\/wp-json\/wp\/v2\/users\/1"}],"replies":[{"embeddable":true,"href":"https:\/\/www.sindvalores.com.br\/site\/wp-json\/wp\/v2\/comments?post=9622"}],"version-history":[{"count":1,"href":"https:\/\/www.sindvalores.com.br\/site\/wp-json\/wp\/v2\/posts\/9622\/revisions"}],"predecessor-version":[{"id":9623,"href":"https:\/\/www.sindvalores.com.br\/site\/wp-json\/wp\/v2\/posts\/9622\/revisions\/9623"}],"wp:attachment":[{"href":"https:\/\/www.sindvalores.com.br\/site\/wp-json\/wp\/v2\/media?parent=9622"}],"wp:term":[{"taxonomy":"category","embeddable":true,"href":"https:\/\/www.sindvalores.com.br\/site\/wp-json\/wp\/v2\/categories?post=9622"},{"taxonomy":"post_tag","embeddable":true,"href":"https:\/\/www.sindvalores.com.br\/site\/wp-json\/wp\/v2\/tags?post=9622"}],"curies":[{"name":"wp","href":"https:\/\/api.w.org\/{rel}","templated":true}]}}