{"id":9628,"date":"2015-03-19T14:07:58","date_gmt":"2015-03-19T14:07:58","guid":{"rendered":"http:\/\/sindvalores.com.br\/site\/?p=9628"},"modified":"2015-03-19T14:07:58","modified_gmt":"2015-03-19T14:07:58","slug":"quadrilha-rende-vigilante-e-rouba-cofre-de-empresa","status":"publish","type":"post","link":"https:\/\/www.sindvalores.com.br\/site\/institucional\/a-criminalidade-pelo-brasil\/quadrilha-rende-vigilante-e-rouba-cofre-de-empresa","title":{"rendered":"\u00bb Quadrilha rende vigilante e rouba cofre de empresa"},"content":{"rendered":"<table border=\"0\" width=\"100%\">\n<tbody>\n<tr>\n<td>V\u00edtima foi amarrada com fita adesiva; valor roubado n\u00e3o foi divulgado<\/p>\n<p>Uma quadrilha rendeu um vigilante e fugiu com o cofre de uma empresa, que fica na Rua Min S\u00e1 Carneiro, no Jardim Aeroporto, em Ribeir\u00e3o Preto, na madrugada desta sexta-feira (27).<\/p>\n<p>De acordo com informa\u00e7\u00f5es da Pol\u00edcia Civil, a v\u00edtima saiu da guarita para verificar o alarme do estabelecimento que havia disparado quando foi rendido por dois bandidos armados. Ela foi amarrada nos bra\u00e7os e nas pernas com fita adesiva e, em seguida, outros dois homens entraram na empresa com uma caminhonete e ajudaram retirar o cofre.<\/p>\n<p>O valor roubado n\u00e3o foi divulgado.<\/td>\n<\/tr>\n<tr>\n<td><\/td>\n<\/tr>\n<tr>\n<td>Fonte: Jornal A Cidade &#8211; Ribeir\u00e3o Preto<\/td>\n<\/tr>\n<\/tbody>\n<\/table>\n","protected":false},"excerpt":{"rendered":"<p>V\u00edtima foi amarrada com fita adesiva; valor roubado n\u00e3o foi divulgado Uma quadrilha rendeu um vigilante e fugiu com o cofre de uma empresa, que fica na Rua Min S\u00e1 Carneiro, no Jardim Aeroporto, em Ribeir\u00e3o Preto, na madrugada desta sexta-feira (27). De acordo com informa\u00e7\u00f5es da Pol\u00edcia Civil, a v\u00edtima saiu da guarita para [&hellip;]<\/p>\n","protected":false},"author":1,"featured_media":0,"comment_status":"open","ping_status":"open","sticky":false,"template":"","format":"standard","meta":{"ngg_post_thumbnail":0,"footnotes":""},"categories":[10],"tags":[],"class_list":["post-9628","post","type-post","status-publish","format-standard","hentry","category-a-criminalidade-pelo-brasil"],"_links":{"self":[{"href":"https:\/\/www.sindvalores.com.br\/site\/wp-json\/wp\/v2\/posts\/9628","targetHints":{"allow":["GET"]}}],"collection":[{"href":"https:\/\/www.sindvalores.com.br\/site\/wp-json\/wp\/v2\/posts"}],"about":[{"href":"https:\/\/www.sindvalores.com.br\/site\/wp-json\/wp\/v2\/types\/post"}],"author":[{"embeddable":true,"href":"https:\/\/www.sindvalores.com.br\/site\/wp-json\/wp\/v2\/users\/1"}],"replies":[{"embeddable":true,"href":"https:\/\/www.sindvalores.com.br\/site\/wp-json\/wp\/v2\/comments?post=9628"}],"version-history":[{"count":1,"href":"https:\/\/www.sindvalores.com.br\/site\/wp-json\/wp\/v2\/posts\/9628\/revisions"}],"predecessor-version":[{"id":9629,"href":"https:\/\/www.sindvalores.com.br\/site\/wp-json\/wp\/v2\/posts\/9628\/revisions\/9629"}],"wp:attachment":[{"href":"https:\/\/www.sindvalores.com.br\/site\/wp-json\/wp\/v2\/media?parent=9628"}],"wp:term":[{"taxonomy":"category","embeddable":true,"href":"https:\/\/www.sindvalores.com.br\/site\/wp-json\/wp\/v2\/categories?post=9628"},{"taxonomy":"post_tag","embeddable":true,"href":"https:\/\/www.sindvalores.com.br\/site\/wp-json\/wp\/v2\/tags?post=9628"}],"curies":[{"name":"wp","href":"https:\/\/api.w.org\/{rel}","templated":true}]}}