{"id":9632,"date":"2015-03-19T14:08:53","date_gmt":"2015-03-19T14:08:53","guid":{"rendered":"http:\/\/sindvalores.com.br\/site\/?p=9632"},"modified":"2015-03-19T14:08:53","modified_gmt":"2015-03-19T14:08:53","slug":"moradores-querem-seguranca","status":"publish","type":"post","link":"https:\/\/www.sindvalores.com.br\/site\/institucional\/a-criminalidade-pelo-brasil\/moradores-querem-seguranca","title":{"rendered":"\u00bb Moradores querem seguran\u00e7a"},"content":{"rendered":"<table border=\"0\" width=\"100%\">\n<tbody>\n<tr>\n<td>Independ\u00eancia Conduzida pela C\u00e2mara de Dirigentes Lojistas (CDL) deste Munic\u00edpio, a popula\u00e7\u00e3o ir\u00e1 \u00e0s ruas amanh\u00e3 participar de uma passeata pedindo por seguran\u00e7a p\u00fablica. A manifesta\u00e7\u00e3o percorrer\u00e1 as principais vias do Centro da cidade, iniciar\u00e1 na Rua das Pedrinhas, \u00e0s 8h, e findar\u00e1 na Cadeia P\u00fablica. Objetiva sensibilizar as autoridades diante da necessidade de maior seguran\u00e7a no Munic\u00edpio. Pedir\u00e3o mais efetivos policiais, viaturas e investimentos. Uma onda de viol\u00eancia crescente tem ocorrido no Munic\u00edpio, deixando a popula\u00e7\u00e3o insegura.<\/p>\n<p>Assaltos a ag\u00eancias banc\u00e1rias, inclusive com ref\u00e9ns; roubos de animais em propriedades na zona rural; e a pris\u00e3o no final do ano passado de dois homens que podem ter participa\u00e7\u00e3o em assaltos a bancos e carro-forte na regi\u00e3o do Sert\u00e3o Central do Estado; al\u00e9m de apreens\u00e3o de uma vasta muni\u00e7\u00e3o e explosivos em uma loja na cidade mostram o cen\u00e1rio de inseguran\u00e7a pelo qual passa o Munic\u00edpio. Esses sucessivos acontecimentos preocupam a popula\u00e7\u00e3o.<\/p>\n<p>&#8220;Decidimos mobilizar a popula\u00e7\u00e3o para pedirmos com mais for\u00e7a por seguran\u00e7a p\u00fablica em nosso Munic\u00edpio, onde a viol\u00eancia aumenta assustadoramente. Esse manifesto mostra a nossa insatisfa\u00e7\u00e3o com a seguran\u00e7a p\u00fablica em Independ\u00eancia&#8221;, apela o presidente da CDL, Wagner Torres. Segundo ele, as autoridades t\u00eam que investir de forma urgente nessa \u00e1rea no Munic\u00edpio e encontrar alternativas para reduzir a viol\u00eancia.<\/td>\n<\/tr>\n<tr>\n<td><\/td>\n<\/tr>\n<tr>\n<td>Fonte: Di\u00e1rio do Nordeste<\/td>\n<\/tr>\n<\/tbody>\n<\/table>\n","protected":false},"excerpt":{"rendered":"<p>Independ\u00eancia Conduzida pela C\u00e2mara de Dirigentes Lojistas (CDL) deste Munic\u00edpio, a popula\u00e7\u00e3o ir\u00e1 \u00e0s ruas amanh\u00e3 participar de uma passeata pedindo por seguran\u00e7a p\u00fablica. A manifesta\u00e7\u00e3o percorrer\u00e1 as principais vias do Centro da cidade, iniciar\u00e1 na Rua das Pedrinhas, \u00e0s 8h, e findar\u00e1 na Cadeia P\u00fablica. Objetiva sensibilizar as autoridades diante da necessidade de maior [&hellip;]<\/p>\n","protected":false},"author":1,"featured_media":0,"comment_status":"open","ping_status":"open","sticky":false,"template":"","format":"standard","meta":{"ngg_post_thumbnail":0,"footnotes":""},"categories":[10],"tags":[],"class_list":["post-9632","post","type-post","status-publish","format-standard","hentry","category-a-criminalidade-pelo-brasil"],"_links":{"self":[{"href":"https:\/\/www.sindvalores.com.br\/site\/wp-json\/wp\/v2\/posts\/9632","targetHints":{"allow":["GET"]}}],"collection":[{"href":"https:\/\/www.sindvalores.com.br\/site\/wp-json\/wp\/v2\/posts"}],"about":[{"href":"https:\/\/www.sindvalores.com.br\/site\/wp-json\/wp\/v2\/types\/post"}],"author":[{"embeddable":true,"href":"https:\/\/www.sindvalores.com.br\/site\/wp-json\/wp\/v2\/users\/1"}],"replies":[{"embeddable":true,"href":"https:\/\/www.sindvalores.com.br\/site\/wp-json\/wp\/v2\/comments?post=9632"}],"version-history":[{"count":1,"href":"https:\/\/www.sindvalores.com.br\/site\/wp-json\/wp\/v2\/posts\/9632\/revisions"}],"predecessor-version":[{"id":9633,"href":"https:\/\/www.sindvalores.com.br\/site\/wp-json\/wp\/v2\/posts\/9632\/revisions\/9633"}],"wp:attachment":[{"href":"https:\/\/www.sindvalores.com.br\/site\/wp-json\/wp\/v2\/media?parent=9632"}],"wp:term":[{"taxonomy":"category","embeddable":true,"href":"https:\/\/www.sindvalores.com.br\/site\/wp-json\/wp\/v2\/categories?post=9632"},{"taxonomy":"post_tag","embeddable":true,"href":"https:\/\/www.sindvalores.com.br\/site\/wp-json\/wp\/v2\/tags?post=9632"}],"curies":[{"name":"wp","href":"https:\/\/api.w.org\/{rel}","templated":true}]}}