{"id":9662,"date":"2015-03-19T14:18:55","date_gmt":"2015-03-19T14:18:55","guid":{"rendered":"http:\/\/sindvalores.com.br\/site\/?p=9662"},"modified":"2015-03-19T14:18:55","modified_gmt":"2015-03-19T14:18:55","slug":"banco-divulga-montante-roubado-na-faat","status":"publish","type":"post","link":"https:\/\/www.sindvalores.com.br\/site\/institucional\/a-criminalidade-pelo-brasil\/banco-divulga-montante-roubado-na-faat","title":{"rendered":"\u00bb Banco divulga montante roubado na FAAT"},"content":{"rendered":"<table border=\"0\" width=\"100%\">\n<tbody>\n<tr>\n<td>Uma representante do banco Santander procurou a pol\u00edcia na tarde do dia 30 para divulgar o montante roubado do caixa eletr\u00f4nico instalado no pr\u00e9dio da FAAT, ocorrido na noite do dia 24, segundo o B.O. 619, registrado no plant\u00e3o policial. Segundo a banc\u00e1ria Ana, de 32 anos, os bandidos que arrombaram o caixa eletr\u00f4nico com o uso de ma\u00e7arico levaram do local R$ 43.110,00 e fugiram em dois carros, deixando o vigia Willian, de 38 anos e a diretora de ensino Maria, de 45 anos, amarrados em uma das salas da faculdade, conforme o que foi registrado no B.O. 495, pelos representantes da FAAT, no dia 24.<br \/>\nDepois do crime os marginais fugiram em dois carros, sendo um GM\/Celta prata de Belo Horizonte &#8211; MG e um Fiat\/Palio que conseguiu escapar do cerco policial. Uma equipe da Pol\u00edcia Rodovi\u00e1ria Federal perseguiu e apreendeu o Celta, abandonado pelos marginais que fugiram pelo meio do mato. No interior do ve\u00edculo a pol\u00edcia apreendeu diversos documentos em nome de Ali H., de 32 anos, que inclusive deixou no carro duas carteirinhas de apresenta\u00e7\u00e3o da Justi\u00e7a.<br \/>\nAli \u00e9 o principal suspeito pelo arrombamento e roubo do caixa eletr\u00f4nico da FAAT.<\/td>\n<\/tr>\n<tr>\n<td><\/td>\n<\/tr>\n<tr>\n<td>Fonte: Jornal O Atibaiense &#8211; Atibaia\/SP &#8211;<\/td>\n<\/tr>\n<\/tbody>\n<\/table>\n","protected":false},"excerpt":{"rendered":"<p>Uma representante do banco Santander procurou a pol\u00edcia na tarde do dia 30 para divulgar o montante roubado do caixa eletr\u00f4nico instalado no pr\u00e9dio da FAAT, ocorrido na noite do dia 24, segundo o B.O. 619, registrado no plant\u00e3o policial. Segundo a banc\u00e1ria Ana, de 32 anos, os bandidos que arrombaram o caixa eletr\u00f4nico com [&hellip;]<\/p>\n","protected":false},"author":1,"featured_media":0,"comment_status":"open","ping_status":"open","sticky":false,"template":"","format":"standard","meta":{"ngg_post_thumbnail":0,"footnotes":""},"categories":[10],"tags":[],"class_list":["post-9662","post","type-post","status-publish","format-standard","hentry","category-a-criminalidade-pelo-brasil"],"_links":{"self":[{"href":"https:\/\/www.sindvalores.com.br\/site\/wp-json\/wp\/v2\/posts\/9662","targetHints":{"allow":["GET"]}}],"collection":[{"href":"https:\/\/www.sindvalores.com.br\/site\/wp-json\/wp\/v2\/posts"}],"about":[{"href":"https:\/\/www.sindvalores.com.br\/site\/wp-json\/wp\/v2\/types\/post"}],"author":[{"embeddable":true,"href":"https:\/\/www.sindvalores.com.br\/site\/wp-json\/wp\/v2\/users\/1"}],"replies":[{"embeddable":true,"href":"https:\/\/www.sindvalores.com.br\/site\/wp-json\/wp\/v2\/comments?post=9662"}],"version-history":[{"count":1,"href":"https:\/\/www.sindvalores.com.br\/site\/wp-json\/wp\/v2\/posts\/9662\/revisions"}],"predecessor-version":[{"id":9663,"href":"https:\/\/www.sindvalores.com.br\/site\/wp-json\/wp\/v2\/posts\/9662\/revisions\/9663"}],"wp:attachment":[{"href":"https:\/\/www.sindvalores.com.br\/site\/wp-json\/wp\/v2\/media?parent=9662"}],"wp:term":[{"taxonomy":"category","embeddable":true,"href":"https:\/\/www.sindvalores.com.br\/site\/wp-json\/wp\/v2\/categories?post=9662"},{"taxonomy":"post_tag","embeddable":true,"href":"https:\/\/www.sindvalores.com.br\/site\/wp-json\/wp\/v2\/tags?post=9662"}],"curies":[{"name":"wp","href":"https:\/\/api.w.org\/{rel}","templated":true}]}}