{"id":9664,"date":"2015-03-19T14:19:24","date_gmt":"2015-03-19T14:19:24","guid":{"rendered":"http:\/\/sindvalores.com.br\/site\/?p=9664"},"modified":"2015-03-19T14:19:24","modified_gmt":"2015-03-19T14:19:24","slug":"bando-usa-ambulancia-para-fugir-da-policia","status":"publish","type":"post","link":"https:\/\/www.sindvalores.com.br\/site\/institucional\/a-criminalidade-pelo-brasil\/bando-usa-ambulancia-para-fugir-da-policia","title":{"rendered":"\u00bb Bando usa ambul\u00e2ncia para fugir da Pol\u00edcia"},"content":{"rendered":"<table border=\"0\" width=\"100%\">\n<tbody>\n<tr>\n<td>Os dois acusados foram trazidos sob forte escolta de Reden\u00e7\u00e3o para Fortaleza por medidas de seguran\u00e7a. Eles acabaram capturados por policiais militares depois de fugir em uma ambul\u00e2ncia da Prefeitura de Reden\u00e7\u00e3oSegundo a Pol\u00edcia, a quadrilha estava se preparando para praticar um roubo a banco ou carro-forte<\/p>\n<p>Dois homens, acusados de integrar uma quadrilha que pretendia realizar um assalto a banco na regi\u00e3o do Maci\u00e7o do Baturit\u00e9, foram presos, na manh\u00e3 de ontem, no Munic\u00edpio de Ocara (a 95Km de Fortaleza) depois de roubar uma ambul\u00e2ncia para fugir da Pol\u00edcia. Em um ve\u00edculo abandonado pelos bandidos, os policiais militares apreenderam explosivos, muni\u00e7\u00f5es de pistola, espingarda e de fuzil 5.56.<\/p>\n<p>Inicialmente, a quadrilha formada por cerca de oito homens, em dois ve\u00edculos, abordou um caminh\u00e3o que trafegava pela rodovia CE0-060, na localidade de Itapa\u00ed. O motorista n\u00e3o obedeceu a ordem de parada e colidiu com um autom\u00f3vel Chevrolet Meriva usado pelo bando.<\/p>\n<p>Segundo a Pol\u00edcia, parte da quadrilha fugiu em outro carro, um Astra. Uma ambul\u00e2ncia da Prefeitura de Reden\u00e7\u00e3o, que seguia em dire\u00e7\u00e3o ao Distrito de Ant\u00f4nio Diogo, foi interceptada pelos demais assaltantes.<\/p>\n<p>Ambul\u00e2ncia<\/p>\n<p>O motorista do carro m\u00e9dico disse aos policiais, que havia reduzido a velocidade no local da colis\u00e3o para saber se havia pessoas feridas, quando foi rendido. O condutor da ambul\u00e2ncia foi libertado no Munic\u00edpio de Capistrano. Os policiais militares continuaram em persegui\u00e7\u00e3o aos acusados. Dois homens acabaram presos pr\u00f3ximos ao lix\u00e3o, na cidade de Ocara, tamb\u00e9m no Maci\u00e7o de Baturit\u00e9.<\/p>\n<p>Francisco Pereira da Silva J\u00fanior, 21; e Francisco Wilm\u00e1rio da Silva Queiroz, 30, foram autuados na Delegacia Regional de Reden\u00e7\u00e3o. Um cerco foi realizado na regi\u00e3o, objetivando capturar outros tr\u00eas suspeitos que fugiram para um matagal. At\u00e9 o fim da noite de ontem, eles n\u00e3o haviam sido localizados.<\/p>\n<p>Duas equipes da Delegacia de Roubos e Furtos (DRF) foram \u00e0 regi\u00e3o e conduziram os acusados para a sede da Especializada, em Fortaleza. No fim da tarde, a dupla chegou sob forte escolta \u00e0 DDF. Wilm\u00e1rio, segundo a Pol\u00edcia, possui extensa ficha criminal. Conforme levantamentos da Pol\u00edcia Civil ele j\u00e1 responde a processos por homic\u00eddios, assaltos, recepta\u00e7\u00e3o, porte ilegal de arma e tamb\u00e9m pelo crime de forma\u00e7\u00e3o de quadrilha.<\/p>\n<p>De acordo com o titular da DRF, delegado Rom\u00e9rio Almeida, o trabalho de investiga\u00e7\u00e3o vai continuar sendo feito pelos inspetores da DRF em parceria com a Coordenadoria de Intelig\u00eancia (Coin), da Secretaria da Seguran\u00e7a P\u00fablica e Defesa Social (SSPDS), com o objetivo de identificar e prender os outros integrantes da quadrilha.<\/p>\n<p>EMERSON RODRIGUES<br \/>\nREP\u00d3RTER<\/td>\n<\/tr>\n<tr>\n<td><\/td>\n<\/tr>\n<tr>\n<td>Fonte: Di\u00e1rio do Nordeste &#8211; Fortaleza-CE<\/td>\n<\/tr>\n<\/tbody>\n<\/table>\n","protected":false},"excerpt":{"rendered":"<p>Os dois acusados foram trazidos sob forte escolta de Reden\u00e7\u00e3o para Fortaleza por medidas de seguran\u00e7a. Eles acabaram capturados por policiais militares depois de fugir em uma ambul\u00e2ncia da Prefeitura de Reden\u00e7\u00e3oSegundo a Pol\u00edcia, a quadrilha estava se preparando para praticar um roubo a banco ou carro-forte Dois homens, acusados de integrar uma quadrilha que [&hellip;]<\/p>\n","protected":false},"author":1,"featured_media":0,"comment_status":"open","ping_status":"open","sticky":false,"template":"","format":"standard","meta":{"ngg_post_thumbnail":0,"footnotes":""},"categories":[10],"tags":[],"class_list":["post-9664","post","type-post","status-publish","format-standard","hentry","category-a-criminalidade-pelo-brasil"],"_links":{"self":[{"href":"https:\/\/www.sindvalores.com.br\/site\/wp-json\/wp\/v2\/posts\/9664","targetHints":{"allow":["GET"]}}],"collection":[{"href":"https:\/\/www.sindvalores.com.br\/site\/wp-json\/wp\/v2\/posts"}],"about":[{"href":"https:\/\/www.sindvalores.com.br\/site\/wp-json\/wp\/v2\/types\/post"}],"author":[{"embeddable":true,"href":"https:\/\/www.sindvalores.com.br\/site\/wp-json\/wp\/v2\/users\/1"}],"replies":[{"embeddable":true,"href":"https:\/\/www.sindvalores.com.br\/site\/wp-json\/wp\/v2\/comments?post=9664"}],"version-history":[{"count":1,"href":"https:\/\/www.sindvalores.com.br\/site\/wp-json\/wp\/v2\/posts\/9664\/revisions"}],"predecessor-version":[{"id":9665,"href":"https:\/\/www.sindvalores.com.br\/site\/wp-json\/wp\/v2\/posts\/9664\/revisions\/9665"}],"wp:attachment":[{"href":"https:\/\/www.sindvalores.com.br\/site\/wp-json\/wp\/v2\/media?parent=9664"}],"wp:term":[{"taxonomy":"category","embeddable":true,"href":"https:\/\/www.sindvalores.com.br\/site\/wp-json\/wp\/v2\/categories?post=9664"},{"taxonomy":"post_tag","embeddable":true,"href":"https:\/\/www.sindvalores.com.br\/site\/wp-json\/wp\/v2\/tags?post=9664"}],"curies":[{"name":"wp","href":"https:\/\/api.w.org\/{rel}","templated":true}]}}