{"id":9670,"date":"2015-03-19T14:20:35","date_gmt":"2015-03-19T14:20:35","guid":{"rendered":"http:\/\/sindvalores.com.br\/site\/?p=9670"},"modified":"2015-03-19T14:20:35","modified_gmt":"2015-03-19T14:20:35","slug":"bancos-sao-alvos-de-atentados-durante-a-madrugada-em-salvador","status":"publish","type":"post","link":"https:\/\/www.sindvalores.com.br\/site\/institucional\/a-criminalidade-pelo-brasil\/bancos-sao-alvos-de-atentados-durante-a-madrugada-em-salvador","title":{"rendered":"\u00bb Bancos s\u00e3o alvos de atentados durante a madrugada em Salvador"},"content":{"rendered":"<table border=\"0\" width=\"100%\">\n<tbody>\n<tr>\n<td>Os atentados aconteceram durante a segunda madrugada da greve parcial da Pol\u00edcia Militar da Bahia, que causa grande inseguran\u00e7a na popula\u00e7\u00e3o<\/p>\n<p>Da Reda\u00e7\u00e3o<br \/>\nQuatro ag\u00eancias do Banco do Brasil foram alvos de atentados durante a madrugada desta quinta-feira (2), segundo informa\u00e7\u00f5es de um agente da Delegacia de Repress\u00e3o a Furtos e Roubos (DRFR). As ag\u00eancias do Largo do Tamarineiro, Liberdade, Barros Reis e Porto Seco Piraj\u00e1 foram alvejadas por diversos disparos de arma de fogo enquanto as unidades estavam fechadas.<\/p>\n<p>Segundo o diretor do departamento do interior da Bahia do Sindicato dos Banc\u00e1rios, Joselino Sales, o sindicato foi informado sobre o atento na ag\u00eancia de Porto Seco Piraj\u00e1 por funcion\u00e1rios do banco, durante esta madrugada.<\/p>\n<p>&#8220;Eles [os funcion\u00e1rios] ligaram logo depois da meia-noite, avisando que um carro parou na porta da ag\u00eancia e atirou diversas vezes antes de fugir&#8221;, informou o diretor. &#8220;Um vigilante estava no local no momento em que o atentado aconteceu, mas ele n\u00e3o conseguiu registrar nem a placa nem o modelo do ve\u00edculo&#8221;.<\/p>\n<p>Segundo o ag\u00eancia de Delegacia de Repress\u00e3o a Furtos e Roubos, o Banco do Brasil n\u00e3o prestou nenhuma queixa na pol\u00edcia contra o caso. Como todas as ag\u00eancias estavam fora do hor\u00e1rio de funcionamento, ningu\u00e9m ficou ferido durante os atentados.<\/p>\n<p>A assessoria do Banco do Brasil se pronunciou sobre o caso, e classificou os atentados como um ato de vandalismo, e ainda informou que o caso est\u00e1 sendo investigado pelos n\u00facleos de seguran\u00e7a interna do banco, assim como pelas autoridades policiais.<\/p>\n<p>Greve parcial<br \/>\nEm uma assembleia realizada na tarde da \u00faltima ter\u00e7a-feira (31), os policiais militares e os bombeiros ligados \u00e0 Associa\u00e7\u00e3o de Policiais e Bombeiros do Estado da Bahia (Aspra) decidiram entrar em greve por tempo indeterminado.<\/p>\n<p>Apesar da decis\u00e3o tomada pela Aspra, a assessoria do comando da PM n\u00e3o reconhece a greve e diz que o \u00f3rg\u00e3o funciona normalmente, mesmo com o indicativo de paralisa\u00e7\u00e3o. O diretor de comunica\u00e7\u00e3o da PM Gilson Santiago disse que todas as unidades est\u00e3o funcionando normalmente e que os PMs que trabalham \u00e0 noite j\u00e1 est\u00e3o assumindo seus postos. A Aspra \u00e9 uma das nove associa\u00e7\u00f5es dos policiais militares na Bahia.<\/p>\n<p>Os policiais reivindicam o cumprimento da lei 7.145 de 1997, com pagamento imediato da GAP V, incorpora\u00e7\u00e3o da GAP V ao soldo, regulamenta\u00e7\u00e3o do pagamento de aux\u00edlio acidente, periculosidade e insalubridade, cumprimento da lei da anistia e a cria\u00e7\u00e3o do c\u00f3digo de \u00e9tica, al\u00e9m da cria\u00e7\u00e3o de uma comiss\u00e3o para discutir um plano de carreira para a categoria.<\/p>\n<p>Os atentados aconteceram durante a segunda madrugada da greve parcial da Pol\u00edcia Militar da Bahia, que causa grande inseguran\u00e7a na popula\u00e7\u00e3o.<\/td>\n<\/tr>\n<tr>\n<td><\/td>\n<\/tr>\n<tr>\n<td>Fonte: IBAHIA.com &#8211; Salvador\/BA<\/td>\n<\/tr>\n<\/tbody>\n<\/table>\n","protected":false},"excerpt":{"rendered":"<p>Os atentados aconteceram durante a segunda madrugada da greve parcial da Pol\u00edcia Militar da Bahia, que causa grande inseguran\u00e7a na popula\u00e7\u00e3o Da Reda\u00e7\u00e3o Quatro ag\u00eancias do Banco do Brasil foram alvos de atentados durante a madrugada desta quinta-feira (2), segundo informa\u00e7\u00f5es de um agente da Delegacia de Repress\u00e3o a Furtos e Roubos (DRFR). As ag\u00eancias [&hellip;]<\/p>\n","protected":false},"author":1,"featured_media":0,"comment_status":"open","ping_status":"open","sticky":false,"template":"","format":"standard","meta":{"ngg_post_thumbnail":0,"footnotes":""},"categories":[10],"tags":[],"class_list":["post-9670","post","type-post","status-publish","format-standard","hentry","category-a-criminalidade-pelo-brasil"],"_links":{"self":[{"href":"https:\/\/www.sindvalores.com.br\/site\/wp-json\/wp\/v2\/posts\/9670","targetHints":{"allow":["GET"]}}],"collection":[{"href":"https:\/\/www.sindvalores.com.br\/site\/wp-json\/wp\/v2\/posts"}],"about":[{"href":"https:\/\/www.sindvalores.com.br\/site\/wp-json\/wp\/v2\/types\/post"}],"author":[{"embeddable":true,"href":"https:\/\/www.sindvalores.com.br\/site\/wp-json\/wp\/v2\/users\/1"}],"replies":[{"embeddable":true,"href":"https:\/\/www.sindvalores.com.br\/site\/wp-json\/wp\/v2\/comments?post=9670"}],"version-history":[{"count":1,"href":"https:\/\/www.sindvalores.com.br\/site\/wp-json\/wp\/v2\/posts\/9670\/revisions"}],"predecessor-version":[{"id":9671,"href":"https:\/\/www.sindvalores.com.br\/site\/wp-json\/wp\/v2\/posts\/9670\/revisions\/9671"}],"wp:attachment":[{"href":"https:\/\/www.sindvalores.com.br\/site\/wp-json\/wp\/v2\/media?parent=9670"}],"wp:term":[{"taxonomy":"category","embeddable":true,"href":"https:\/\/www.sindvalores.com.br\/site\/wp-json\/wp\/v2\/categories?post=9670"},{"taxonomy":"post_tag","embeddable":true,"href":"https:\/\/www.sindvalores.com.br\/site\/wp-json\/wp\/v2\/tags?post=9670"}],"curies":[{"name":"wp","href":"https:\/\/api.w.org\/{rel}","templated":true}]}}