{"id":9688,"date":"2015-03-23T12:39:56","date_gmt":"2015-03-23T12:39:56","guid":{"rendered":"http:\/\/sindvalores.com.br\/site\/?p=9688"},"modified":"2015-03-23T12:39:56","modified_gmt":"2015-03-23T12:39:56","slug":"sede-de-secretaria-municipal-de-porto-alegre-e-arrombada-diz-policia","status":"publish","type":"post","link":"https:\/\/www.sindvalores.com.br\/site\/institucional\/a-criminalidade-pelo-brasil\/sede-de-secretaria-municipal-de-porto-alegre-e-arrombada-diz-policia","title":{"rendered":"\u00bb Sede de secretaria municipal de Porto Alegre \u00e9 arrombada, diz pol\u00edcia"},"content":{"rendered":"<table border=\"0\" width=\"100%\">\n<tbody>\n<tr>\n<td>A sede da Secretaria Municipal de Ind\u00fastria e Com\u00e9rcio (Smic) de Porto Alegre foi arrombada durante a madrugada desta sexta-feira (3). Segundo a Pol\u00edcia Civil, um cofre foi roubado. Uma equipe volante foi enviada ao local para apurar mais detalhes.<\/p>\n<p>A ocorr\u00eancia foi registrada por um funcion\u00e1rio do \u00f3rg\u00e3o da Prefeitura na 10\u00aa Delegacia de Pol\u00edcia da capital ga\u00facha. Ele disse ter encontrado a porta da sede aberta ao chegar ao local.<\/p>\n<p>\u00c9 a segunda vez na semana que a Smic \u00e9 invadida. Na madrugada da \u00faltima quarta-feira (1), pelo menos tr\u00eas homens invadiram a sede do \u00f3rg\u00e3o, renderam e amarraram um funcion\u00e1rio da limpeza e um vigia e arrombaram dois caixas eletr\u00f4nicos.<\/td>\n<\/tr>\n<tr>\n<td><\/td>\n<\/tr>\n<tr>\n<td>Fonte: Empr\u00e9stimo Online<\/td>\n<\/tr>\n<\/tbody>\n<\/table>\n","protected":false},"excerpt":{"rendered":"<p>A sede da Secretaria Municipal de Ind\u00fastria e Com\u00e9rcio (Smic) de Porto Alegre foi arrombada durante a madrugada desta sexta-feira (3). Segundo a Pol\u00edcia Civil, um cofre foi roubado. Uma equipe volante foi enviada ao local para apurar mais detalhes. A ocorr\u00eancia foi registrada por um funcion\u00e1rio do \u00f3rg\u00e3o da Prefeitura na 10\u00aa Delegacia de [&hellip;]<\/p>\n","protected":false},"author":1,"featured_media":0,"comment_status":"open","ping_status":"open","sticky":false,"template":"","format":"standard","meta":{"ngg_post_thumbnail":0,"footnotes":""},"categories":[10],"tags":[],"class_list":["post-9688","post","type-post","status-publish","format-standard","hentry","category-a-criminalidade-pelo-brasil"],"_links":{"self":[{"href":"https:\/\/www.sindvalores.com.br\/site\/wp-json\/wp\/v2\/posts\/9688","targetHints":{"allow":["GET"]}}],"collection":[{"href":"https:\/\/www.sindvalores.com.br\/site\/wp-json\/wp\/v2\/posts"}],"about":[{"href":"https:\/\/www.sindvalores.com.br\/site\/wp-json\/wp\/v2\/types\/post"}],"author":[{"embeddable":true,"href":"https:\/\/www.sindvalores.com.br\/site\/wp-json\/wp\/v2\/users\/1"}],"replies":[{"embeddable":true,"href":"https:\/\/www.sindvalores.com.br\/site\/wp-json\/wp\/v2\/comments?post=9688"}],"version-history":[{"count":1,"href":"https:\/\/www.sindvalores.com.br\/site\/wp-json\/wp\/v2\/posts\/9688\/revisions"}],"predecessor-version":[{"id":9689,"href":"https:\/\/www.sindvalores.com.br\/site\/wp-json\/wp\/v2\/posts\/9688\/revisions\/9689"}],"wp:attachment":[{"href":"https:\/\/www.sindvalores.com.br\/site\/wp-json\/wp\/v2\/media?parent=9688"}],"wp:term":[{"taxonomy":"category","embeddable":true,"href":"https:\/\/www.sindvalores.com.br\/site\/wp-json\/wp\/v2\/categories?post=9688"},{"taxonomy":"post_tag","embeddable":true,"href":"https:\/\/www.sindvalores.com.br\/site\/wp-json\/wp\/v2\/tags?post=9688"}],"curies":[{"name":"wp","href":"https:\/\/api.w.org\/{rel}","templated":true}]}}