{"id":9698,"date":"2015-03-23T12:44:14","date_gmt":"2015-03-23T12:44:14","guid":{"rendered":"http:\/\/sindvalores.com.br\/site\/?p=9698"},"modified":"2015-03-23T12:44:14","modified_gmt":"2015-03-23T12:44:14","slug":"pm-surpreende-dupla-de-ladroes-apos-assalto-a-banco","status":"publish","type":"post","link":"https:\/\/www.sindvalores.com.br\/site\/institucional\/a-criminalidade-pelo-brasil\/pm-surpreende-dupla-de-ladroes-apos-assalto-a-banco","title":{"rendered":"\u00bb PM surpreende dupla de ladr\u00f5es ap\u00f3s assalto a banco"},"content":{"rendered":"<table border=\"0\" width=\"100%\">\n<tbody>\n<tr>\n<td>Dois assaltantes se deram mal ap\u00f3s roubarem um banco popular no in\u00edcio da tarde desta sexta-feira (3), na Rua dos Eucaliptos, em Colombo, regi\u00e3o metropolitana de Curitiba. Um policial militar, que estava de f\u00e9rias e pagava contas no banco, aguardou pela sa\u00edda dos ladr\u00f5es e deu voz de pris\u00e3o aos rapazes.<\/p>\n<p>Por\u00e9m, os assaltantes come\u00e7aram a correr e um deles chegou a apontar um rev\u00f3lver calibre 38 contra o policial. O oficial atirou e acertou na cintura de Renan Roberto da Silva, 19 anos, que j\u00e1 tinha passagem pela pol\u00edcia por tr\u00e1fico de drogas.<\/p>\n<p>Mesmo alvejado, os ladr\u00f5es seguiram em fuga. Quando o policial conseguiu alcan\u00e7\u00e1-los, os rapazes se renderam. Renan foi encaminhado de helic\u00f3ptero ao Hospital Angelina Caron. J\u00e1 o outro assaltante, Rafael Lu\u00eds Pereira, 18 anos, foi preso. O rev\u00f3lver foi apreendido.<\/p>\n<p>*Com informa\u00e7\u00f5es de Janaina Monteiro.<\/td>\n<\/tr>\n<tr>\n<td><\/td>\n<\/tr>\n<tr>\n<td>Fonte: Paran\u00e1 Online<\/td>\n<\/tr>\n<\/tbody>\n<\/table>\n","protected":false},"excerpt":{"rendered":"<p>Dois assaltantes se deram mal ap\u00f3s roubarem um banco popular no in\u00edcio da tarde desta sexta-feira (3), na Rua dos Eucaliptos, em Colombo, regi\u00e3o metropolitana de Curitiba. Um policial militar, que estava de f\u00e9rias e pagava contas no banco, aguardou pela sa\u00edda dos ladr\u00f5es e deu voz de pris\u00e3o aos rapazes. Por\u00e9m, os assaltantes come\u00e7aram [&hellip;]<\/p>\n","protected":false},"author":1,"featured_media":0,"comment_status":"open","ping_status":"open","sticky":false,"template":"","format":"standard","meta":{"ngg_post_thumbnail":0,"footnotes":""},"categories":[10],"tags":[],"class_list":["post-9698","post","type-post","status-publish","format-standard","hentry","category-a-criminalidade-pelo-brasil"],"_links":{"self":[{"href":"https:\/\/www.sindvalores.com.br\/site\/wp-json\/wp\/v2\/posts\/9698","targetHints":{"allow":["GET"]}}],"collection":[{"href":"https:\/\/www.sindvalores.com.br\/site\/wp-json\/wp\/v2\/posts"}],"about":[{"href":"https:\/\/www.sindvalores.com.br\/site\/wp-json\/wp\/v2\/types\/post"}],"author":[{"embeddable":true,"href":"https:\/\/www.sindvalores.com.br\/site\/wp-json\/wp\/v2\/users\/1"}],"replies":[{"embeddable":true,"href":"https:\/\/www.sindvalores.com.br\/site\/wp-json\/wp\/v2\/comments?post=9698"}],"version-history":[{"count":1,"href":"https:\/\/www.sindvalores.com.br\/site\/wp-json\/wp\/v2\/posts\/9698\/revisions"}],"predecessor-version":[{"id":9699,"href":"https:\/\/www.sindvalores.com.br\/site\/wp-json\/wp\/v2\/posts\/9698\/revisions\/9699"}],"wp:attachment":[{"href":"https:\/\/www.sindvalores.com.br\/site\/wp-json\/wp\/v2\/media?parent=9698"}],"wp:term":[{"taxonomy":"category","embeddable":true,"href":"https:\/\/www.sindvalores.com.br\/site\/wp-json\/wp\/v2\/categories?post=9698"},{"taxonomy":"post_tag","embeddable":true,"href":"https:\/\/www.sindvalores.com.br\/site\/wp-json\/wp\/v2\/tags?post=9698"}],"curies":[{"name":"wp","href":"https:\/\/api.w.org\/{rel}","templated":true}]}}