{"id":9700,"date":"2015-03-23T12:44:38","date_gmt":"2015-03-23T12:44:38","guid":{"rendered":"http:\/\/sindvalores.com.br\/site\/?p=9700"},"modified":"2015-03-23T12:44:38","modified_gmt":"2015-03-23T12:44:38","slug":"ladroes-explodem-dois-caixas-eletronicos-em-ituiutaba","status":"publish","type":"post","link":"https:\/\/www.sindvalores.com.br\/site\/institucional\/a-criminalidade-pelo-brasil\/ladroes-explodem-dois-caixas-eletronicos-em-ituiutaba","title":{"rendered":"\u00bb Ladr\u00f5es explodem dois caixas eletr\u00f4nicos em Ituiutaba"},"content":{"rendered":"<table border=\"0\" width=\"100%\">\n<tbody>\n<tr>\n<td>Tr\u00eas caixas eletr\u00f4nicos foram arrombados em Ituiutaba, no Tri\u00e2ngulo Mineiro, na madrugada deste s\u00e1bado (4). Os equipamentos ficam na entrada de um frigorifico pr\u00f3ximo \u00e0 cidade.<br \/>\nSegundo a Pol\u00edcia Militar, cinco homens armados chegaram a p\u00e9 ao local, renderam o vigia e, em seguida, explodiram os caixas.<br \/>\nUm homem que na hora estava dentro de um carro no local esperando para trabalhar levou um tiro no ombro. Ele foi encaminhado para o hospital e passa bem.<br \/>\nNenhum dos caixas tinha dinheiro e at\u00e9 agora ningu\u00e9m foi preso.<\/td>\n<\/tr>\n<tr>\n<td><\/td>\n<\/tr>\n<tr>\n<td>Fonte: Mega Minas<\/td>\n<\/tr>\n<\/tbody>\n<\/table>\n","protected":false},"excerpt":{"rendered":"<p>Tr\u00eas caixas eletr\u00f4nicos foram arrombados em Ituiutaba, no Tri\u00e2ngulo Mineiro, na madrugada deste s\u00e1bado (4). Os equipamentos ficam na entrada de um frigorifico pr\u00f3ximo \u00e0 cidade. Segundo a Pol\u00edcia Militar, cinco homens armados chegaram a p\u00e9 ao local, renderam o vigia e, em seguida, explodiram os caixas. Um homem que na hora estava dentro de [&hellip;]<\/p>\n","protected":false},"author":1,"featured_media":0,"comment_status":"open","ping_status":"open","sticky":false,"template":"","format":"standard","meta":{"ngg_post_thumbnail":0,"footnotes":""},"categories":[10],"tags":[],"class_list":["post-9700","post","type-post","status-publish","format-standard","hentry","category-a-criminalidade-pelo-brasil"],"_links":{"self":[{"href":"https:\/\/www.sindvalores.com.br\/site\/wp-json\/wp\/v2\/posts\/9700","targetHints":{"allow":["GET"]}}],"collection":[{"href":"https:\/\/www.sindvalores.com.br\/site\/wp-json\/wp\/v2\/posts"}],"about":[{"href":"https:\/\/www.sindvalores.com.br\/site\/wp-json\/wp\/v2\/types\/post"}],"author":[{"embeddable":true,"href":"https:\/\/www.sindvalores.com.br\/site\/wp-json\/wp\/v2\/users\/1"}],"replies":[{"embeddable":true,"href":"https:\/\/www.sindvalores.com.br\/site\/wp-json\/wp\/v2\/comments?post=9700"}],"version-history":[{"count":1,"href":"https:\/\/www.sindvalores.com.br\/site\/wp-json\/wp\/v2\/posts\/9700\/revisions"}],"predecessor-version":[{"id":9701,"href":"https:\/\/www.sindvalores.com.br\/site\/wp-json\/wp\/v2\/posts\/9700\/revisions\/9701"}],"wp:attachment":[{"href":"https:\/\/www.sindvalores.com.br\/site\/wp-json\/wp\/v2\/media?parent=9700"}],"wp:term":[{"taxonomy":"category","embeddable":true,"href":"https:\/\/www.sindvalores.com.br\/site\/wp-json\/wp\/v2\/categories?post=9700"},{"taxonomy":"post_tag","embeddable":true,"href":"https:\/\/www.sindvalores.com.br\/site\/wp-json\/wp\/v2\/tags?post=9700"}],"curies":[{"name":"wp","href":"https:\/\/api.w.org\/{rel}","templated":true}]}}