{"id":9710,"date":"2015-03-23T12:49:49","date_gmt":"2015-03-23T12:49:49","guid":{"rendered":"http:\/\/sindvalores.com.br\/site\/?p=9710"},"modified":"2015-03-23T12:49:49","modified_gmt":"2015-03-23T12:49:49","slug":"quadrilha-que-assaltava-caixas-eletronicos-e-presa","status":"publish","type":"post","link":"https:\/\/www.sindvalores.com.br\/site\/institucional\/a-criminalidade-pelo-brasil\/quadrilha-que-assaltava-caixas-eletronicos-e-presa","title":{"rendered":"\u00bb Quadrilha que assaltava caixas eletr\u00f4nicos \u00e9 presa"},"content":{"rendered":"<table border=\"0\" width=\"100%\">\n<tbody>\n<tr>\n<td>Uma quadrilha especializada em assaltos a caixas eletr\u00f4nicos em Manaus foi presa no s\u00e1bado pela Pol\u00edcia civil do Amazonas. Rog\u00e9rio Carlos Matos , Kleber Cristiano Lima Soares, Alexsandro Ferreira de Souza, Ronyvan de Freitas Campos, Allyson Nascimento Pereira da Silva e Bruno James de Almeida Sampaio, todos natural do Mato Grosso, foram encaminhados a cadeia p\u00fablica Raimundo Vidal Pessoa<\/p>\n<p>Com eles foram apreendidos tr\u00eas carros, uma Montana prata, placa JXL-3363, um Voyage vermelho, placa OAL-2560, e Peugeot preto, placa JXQ-1389, cinco armas de fogo, sendo uma pistola calibre 380, 24 muni\u00e7\u00f5es de calibre 38, 27 muni\u00e7\u00f5es de calibre 380, quatro rev\u00f3lveres calibre 38, tr\u00eas pertencentes aos vigilantes, quatro cassetes (caixa onde fica guardado o dinheiro nos caixas eletr\u00f4nicos) com o dinheiro roubado, ma\u00e7arico, p\u00e9 de cabra, macaco de press\u00e3o e chave de fenda.<\/td>\n<\/tr>\n<tr>\n<td><\/td>\n<\/tr>\n<tr>\n<td>Fonte: Portal do Holanda<\/td>\n<\/tr>\n<\/tbody>\n<\/table>\n","protected":false},"excerpt":{"rendered":"<p>Uma quadrilha especializada em assaltos a caixas eletr\u00f4nicos em Manaus foi presa no s\u00e1bado pela Pol\u00edcia civil do Amazonas. Rog\u00e9rio Carlos Matos , Kleber Cristiano Lima Soares, Alexsandro Ferreira de Souza, Ronyvan de Freitas Campos, Allyson Nascimento Pereira da Silva e Bruno James de Almeida Sampaio, todos natural do Mato Grosso, foram encaminhados a cadeia [&hellip;]<\/p>\n","protected":false},"author":1,"featured_media":0,"comment_status":"open","ping_status":"open","sticky":false,"template":"","format":"standard","meta":{"ngg_post_thumbnail":0,"footnotes":""},"categories":[10],"tags":[],"class_list":["post-9710","post","type-post","status-publish","format-standard","hentry","category-a-criminalidade-pelo-brasil"],"_links":{"self":[{"href":"https:\/\/www.sindvalores.com.br\/site\/wp-json\/wp\/v2\/posts\/9710","targetHints":{"allow":["GET"]}}],"collection":[{"href":"https:\/\/www.sindvalores.com.br\/site\/wp-json\/wp\/v2\/posts"}],"about":[{"href":"https:\/\/www.sindvalores.com.br\/site\/wp-json\/wp\/v2\/types\/post"}],"author":[{"embeddable":true,"href":"https:\/\/www.sindvalores.com.br\/site\/wp-json\/wp\/v2\/users\/1"}],"replies":[{"embeddable":true,"href":"https:\/\/www.sindvalores.com.br\/site\/wp-json\/wp\/v2\/comments?post=9710"}],"version-history":[{"count":1,"href":"https:\/\/www.sindvalores.com.br\/site\/wp-json\/wp\/v2\/posts\/9710\/revisions"}],"predecessor-version":[{"id":9711,"href":"https:\/\/www.sindvalores.com.br\/site\/wp-json\/wp\/v2\/posts\/9710\/revisions\/9711"}],"wp:attachment":[{"href":"https:\/\/www.sindvalores.com.br\/site\/wp-json\/wp\/v2\/media?parent=9710"}],"wp:term":[{"taxonomy":"category","embeddable":true,"href":"https:\/\/www.sindvalores.com.br\/site\/wp-json\/wp\/v2\/categories?post=9710"},{"taxonomy":"post_tag","embeddable":true,"href":"https:\/\/www.sindvalores.com.br\/site\/wp-json\/wp\/v2\/tags?post=9710"}],"curies":[{"name":"wp","href":"https:\/\/api.w.org\/{rel}","templated":true}]}}