{"id":9718,"date":"2015-03-23T12:57:15","date_gmt":"2015-03-23T12:57:15","guid":{"rendered":"http:\/\/sindvalores.com.br\/site\/?p=9718"},"modified":"2015-03-23T12:57:15","modified_gmt":"2015-03-23T12:57:15","slug":"bandidos-levam-r-600-mil-de-banco","status":"publish","type":"post","link":"https:\/\/www.sindvalores.com.br\/site\/institucional\/a-criminalidade-pelo-brasil\/bandidos-levam-r-600-mil-de-banco","title":{"rendered":"\u00bb Bandidos levam R$ 600 mil de banco"},"content":{"rendered":"<table border=\"0\" width=\"100%\">\n<tbody>\n<tr>\n<td>O assalto de ontem \u00e0 ag\u00eancia do Banco Ita\u00fa, na marginal da BR-101 e esquina com a rua Raimundo Chaves, em Lagoa Nova, e de onde seis bandidos levaram R$ 600 mil, \u00e9 o primeiro ocorrido em Natal no decorrer dos \u00faltimos 25 meses.<\/p>\n<p>Adriano Abreu<\/p>\n<p>Ag\u00eancia do Banco Ita\u00fa tamb\u00e9m foi assaltada h\u00e1 25 meses<\/p>\n<p>Por coincid\u00eancia, o \u00faltimo assalto ocorreu em 30 de dezembro de 2009, nessa mesma ag\u00eancia, quando ela pertencia a rede Uni\u00e3o de Bancos Brasileiros (Unibanco), depois comprada pelo Ita\u00fa. Na \u00e9poca, quatro assaltantes, inclusive uma mulher, roubaram R$ 12 mil do banco e R$ 400,00 de um cliente.<\/p>\n<p>Al\u00e9m desse assalto a banco, os supermercados tamb\u00e9m est\u00e3o na mira dos bandidos. No come\u00e7o da noite de ontem, assaltaram uma Casa Lot\u00e9rica no interior dos Supermercados Nordest\u00e3o, na avenida Salgado Filho. Na tarde de sexta-feira, dia 3, assaltantes teriam levado R$ 17 mil do Extra, na ocasi\u00e3o em que uma funcion\u00e1ria levava dinheiro dos caixas para a tesouraria do supermercado situado no pavimento t\u00e9rreo do Midway Mall.<\/p>\n<p>No assalto de ontem ao Ita\u00fa, a informa\u00e7\u00e3o dada \u00e0 Pol\u00edcia era de que seis assaltante renderam o gerente e outros funcion\u00e1rios que encontravam-se dentro da ag\u00eancia, que vizinha a uma ag\u00eancia do Bradesco. Os bandidos teriam levado cerca de F$ 600 mil.<\/p>\n<p>A Divis\u00e3o Especializada em Investiga\u00e7\u00f5es e Combate ao Crime Organizado (Deicor) est\u00e1 apurando o caso e, no fim da tarde de ontem, Sheila Maria Freitas de Souza ouviu tr\u00eas funcion\u00e1rios do Ita\u00fa.<\/p>\n<p>INVESTIGA\u00c7\u00c3O<\/p>\n<p>O delegado adjunto da Deicor, Normando Feitosa, disse que n\u00e3o se podia adiantar muita coisa, porque &#8220;estava se come\u00e7ando a juntar as pe\u00e7as das investiga\u00e7\u00f5es&#8221;, inclusive com o depoimento de testemunhas que estavam dentro da ag\u00eancia do Ita\u00fa por ocasi\u00e3o do assalto.<\/p>\n<p>Por\u00e9m, Normando Feitosa confirmou que se trata de um autom\u00f3vel &#8220;clonado&#8221;, um Celta usado no assalto que tem o mesmo n\u00famero da placa de outro carro com as mesmas caracter\u00edsticas. Ele tamb\u00e9m disse que na estrada de Cear\u00e1 Mirim a Pol\u00edcia chegou a interceptar um P\u00e1lio branco, semelhante ao outro carro tamb\u00e9m utilizado pelos assaltantes, mas que pertencia a umas pessoas que estavam pescando numa lagoa.<\/p>\n<p>Feitosa ainda informou que est\u00e1 sendo requisitado do Ita\u00fa &#8211; que por quest\u00e3o burocr\u00e1tica a autoriza\u00e7\u00e3o da cess\u00e3o devem partir da matriz do banco em S\u00e3o Paulo &#8211; as imagens do circuito interno de TV da ag\u00eancia da BR-101. Ele explicou que a Deicor tamb\u00e9m vai requisitar imagens de outras c\u00e2maras que, por ventura, tenham grava\u00e7\u00f5es dos dois ve\u00edculos durante a fuga no sentido de Parnamirim, de acordo com as primeiras informa\u00e7\u00f5es colhidas pela Pol\u00edcia.<\/p>\n<p>Pelas informa\u00e7\u00f5es iniciais da Pol\u00edcia Militar, que foi chamada para sair em persegui\u00e7\u00e3o aos assaltantes, n\u00e3o havia clientes dentro da ag\u00eancia do Ita\u00fa. O tenente Vin\u00edcius C\u00e9sar, do 5\u00ba Batalh\u00e3o da Pol\u00edcia Militar, informara que durante o assalto, os bandidos amea\u00e7avam a gerente do banco, declarando que monitoravam a sua fam\u00edlia, a fim de for\u00e7\u00e1-la a abrir o cofre da ag\u00eancia, que ficou fechada no resto do dia.<\/p>\n<p>Lot\u00e9rica<\/p>\n<p>Mais um assalto a estabelecimento comercial em Natal. No in\u00edcio da noite desta segunda-feira (6), um trio armado com pistolas assaltou uma casa lot\u00e9rica que fica dentro do Supermercado Nordest\u00e3o, na esquina das avenidas Salgado Filho e Ant\u00f4nio Bas\u00edlio, em Lagoa Nova. Ainda n\u00e3o h\u00e1 a confirma\u00e7\u00e3o sobre quanto foi levado. A Pol\u00edcia Militar recebeu o chamado, mas os bandidos fugiram antes que os policiais chegassem ao local. Segundo informa\u00e7\u00f5es das v\u00edtimas, os tr\u00eas criminosos entraram bem vestidos na loja e renderam os funcion\u00e1rios no momento em que anunciaram o assalto. Algumas pessoas, inclusive, procuraram abrigo dentro do supermercado ao saberem do assalto. Sem agredir nenhum dos presentes, os bandidos fugiram em um carro tipo Sentra, de cor preta, e seguiram em dire\u00e7\u00e3o a Parnamirim, na BR-101. A placa do carro n\u00e3o foi identificada. Ainda de acordo com informa\u00e7\u00f5es da Pol\u00edcia Militar, um dos criminosos estava com camiseta branca e cal\u00e7a jeans no momento do assalto. Os policiais militares realizaram dilig\u00eancias durante a noite, mas, at\u00e9 o fechamento da edi\u00e7\u00e3o, nenhum dos criminosos havia sido preso. As dilig\u00eancias v\u00e3o continuar nesta ter\u00e7a-feira.<\/td>\n<\/tr>\n<tr>\n<td><\/td>\n<\/tr>\n<tr>\n<td>Fonte: Tribuna do Norte RN<\/td>\n<\/tr>\n<\/tbody>\n<\/table>\n","protected":false},"excerpt":{"rendered":"<p>O assalto de ontem \u00e0 ag\u00eancia do Banco Ita\u00fa, na marginal da BR-101 e esquina com a rua Raimundo Chaves, em Lagoa Nova, e de onde seis bandidos levaram R$ 600 mil, \u00e9 o primeiro ocorrido em Natal no decorrer dos \u00faltimos 25 meses. Adriano Abreu Ag\u00eancia do Banco Ita\u00fa tamb\u00e9m foi assaltada h\u00e1 25 [&hellip;]<\/p>\n","protected":false},"author":1,"featured_media":0,"comment_status":"open","ping_status":"open","sticky":false,"template":"","format":"standard","meta":{"ngg_post_thumbnail":0,"footnotes":""},"categories":[10],"tags":[],"class_list":["post-9718","post","type-post","status-publish","format-standard","hentry","category-a-criminalidade-pelo-brasil"],"_links":{"self":[{"href":"https:\/\/www.sindvalores.com.br\/site\/wp-json\/wp\/v2\/posts\/9718","targetHints":{"allow":["GET"]}}],"collection":[{"href":"https:\/\/www.sindvalores.com.br\/site\/wp-json\/wp\/v2\/posts"}],"about":[{"href":"https:\/\/www.sindvalores.com.br\/site\/wp-json\/wp\/v2\/types\/post"}],"author":[{"embeddable":true,"href":"https:\/\/www.sindvalores.com.br\/site\/wp-json\/wp\/v2\/users\/1"}],"replies":[{"embeddable":true,"href":"https:\/\/www.sindvalores.com.br\/site\/wp-json\/wp\/v2\/comments?post=9718"}],"version-history":[{"count":1,"href":"https:\/\/www.sindvalores.com.br\/site\/wp-json\/wp\/v2\/posts\/9718\/revisions"}],"predecessor-version":[{"id":9719,"href":"https:\/\/www.sindvalores.com.br\/site\/wp-json\/wp\/v2\/posts\/9718\/revisions\/9719"}],"wp:attachment":[{"href":"https:\/\/www.sindvalores.com.br\/site\/wp-json\/wp\/v2\/media?parent=9718"}],"wp:term":[{"taxonomy":"category","embeddable":true,"href":"https:\/\/www.sindvalores.com.br\/site\/wp-json\/wp\/v2\/categories?post=9718"},{"taxonomy":"post_tag","embeddable":true,"href":"https:\/\/www.sindvalores.com.br\/site\/wp-json\/wp\/v2\/tags?post=9718"}],"curies":[{"name":"wp","href":"https:\/\/api.w.org\/{rel}","templated":true}]}}