{"id":9756,"date":"2015-03-23T13:15:54","date_gmt":"2015-03-23T13:15:54","guid":{"rendered":"http:\/\/sindvalores.com.br\/site\/?p=9756"},"modified":"2015-03-23T13:15:54","modified_gmt":"2015-03-23T13:15:54","slug":"pm-prende-envolvidos-em-assalto-a-banco-na-cidade-de-prata","status":"publish","type":"post","link":"https:\/\/www.sindvalores.com.br\/site\/institucional\/a-criminalidade-pelo-brasil\/pm-prende-envolvidos-em-assalto-a-banco-na-cidade-de-prata","title":{"rendered":"\u00bb PM prende envolvidos em assalto a banco na cidade de Prata"},"content":{"rendered":"<table border=\"0\" width=\"100%\">\n<tbody>\n<tr>\n<td>Nove homens armados assaltaram nessa madrugada uma ag\u00eancia banc\u00e1ria na cidade de Prata, na divisa com Pernambuco. Segundo a pol\u00edcia o crime aconteceu por volta das 2horas dessa madrugada.<\/p>\n<p>Na fuga, os assaltantes levaram duas pessoas de ref\u00e9m. A policia n\u00e3o soube informar se os ref\u00e9ns eram moradores que testemunharam o assalto ou vigilantes que trabalhavam na agencia banc\u00e1ria. Os ref\u00e9ns foram liberados minutos depois.<\/p>\n<p>At\u00e9 as 9horas dessa manh\u00e3, a policia conseguiu prender tr\u00eas homens envolvidos e recuperou o cofre e o dinheiro que havia sido roubado.<\/p>\n<p>Pela manh\u00e3, o comandante geral da Pol\u00edcia Militar da Para\u00edba, coronel Euller Chaves, garantiu atrav\u00e9s de redes sociais que as buscas pelos outros envolvidos no crime continuam e que a pol\u00edcia de Monteiro, Sum\u00e9 e outras cidades do cariri participam das buscas.<\/td>\n<\/tr>\n<tr>\n<td><\/td>\n<\/tr>\n<tr>\n<td>Fonte: PB Acontece<\/td>\n<\/tr>\n<\/tbody>\n<\/table>\n","protected":false},"excerpt":{"rendered":"<p>Nove homens armados assaltaram nessa madrugada uma ag\u00eancia banc\u00e1ria na cidade de Prata, na divisa com Pernambuco. Segundo a pol\u00edcia o crime aconteceu por volta das 2horas dessa madrugada. Na fuga, os assaltantes levaram duas pessoas de ref\u00e9m. A policia n\u00e3o soube informar se os ref\u00e9ns eram moradores que testemunharam o assalto ou vigilantes que [&hellip;]<\/p>\n","protected":false},"author":1,"featured_media":0,"comment_status":"open","ping_status":"open","sticky":false,"template":"","format":"standard","meta":{"ngg_post_thumbnail":0,"footnotes":""},"categories":[10],"tags":[],"class_list":["post-9756","post","type-post","status-publish","format-standard","hentry","category-a-criminalidade-pelo-brasil"],"_links":{"self":[{"href":"https:\/\/www.sindvalores.com.br\/site\/wp-json\/wp\/v2\/posts\/9756","targetHints":{"allow":["GET"]}}],"collection":[{"href":"https:\/\/www.sindvalores.com.br\/site\/wp-json\/wp\/v2\/posts"}],"about":[{"href":"https:\/\/www.sindvalores.com.br\/site\/wp-json\/wp\/v2\/types\/post"}],"author":[{"embeddable":true,"href":"https:\/\/www.sindvalores.com.br\/site\/wp-json\/wp\/v2\/users\/1"}],"replies":[{"embeddable":true,"href":"https:\/\/www.sindvalores.com.br\/site\/wp-json\/wp\/v2\/comments?post=9756"}],"version-history":[{"count":1,"href":"https:\/\/www.sindvalores.com.br\/site\/wp-json\/wp\/v2\/posts\/9756\/revisions"}],"predecessor-version":[{"id":9757,"href":"https:\/\/www.sindvalores.com.br\/site\/wp-json\/wp\/v2\/posts\/9756\/revisions\/9757"}],"wp:attachment":[{"href":"https:\/\/www.sindvalores.com.br\/site\/wp-json\/wp\/v2\/media?parent=9756"}],"wp:term":[{"taxonomy":"category","embeddable":true,"href":"https:\/\/www.sindvalores.com.br\/site\/wp-json\/wp\/v2\/categories?post=9756"},{"taxonomy":"post_tag","embeddable":true,"href":"https:\/\/www.sindvalores.com.br\/site\/wp-json\/wp\/v2\/tags?post=9756"}],"curies":[{"name":"wp","href":"https:\/\/api.w.org\/{rel}","templated":true}]}}