{"id":9758,"date":"2015-03-23T13:16:19","date_gmt":"2015-03-23T13:16:19","guid":{"rendered":"http:\/\/sindvalores.com.br\/site\/?p=9758"},"modified":"2015-03-23T13:16:19","modified_gmt":"2015-03-23T13:16:19","slug":"policia-investiga-participacao-de-passo-fundenses-no-assalto-a-banco","status":"publish","type":"post","link":"https:\/\/www.sindvalores.com.br\/site\/institucional\/a-criminalidade-pelo-brasil\/policia-investiga-participacao-de-passo-fundenses-no-assalto-a-banco","title":{"rendered":"\u00bb Pol\u00edcia investiga participa\u00e7\u00e3o de passo-fundenses no assalto a banco"},"content":{"rendered":"<table border=\"0\" width=\"100%\">\n<tbody>\n<tr>\n<td>A Pol\u00edcia Civil de Passo Fundo investiga a extens\u00e3o dos crimes praticados pelos dois casais presos entre a noite de ontem e a madrugada de hoje. Eles confessaram terem participado do assalto ao posto banc\u00e1rio do Banrisul, na quarta-feira \u00e0 tarde. A informa\u00e7\u00e3o foi dada agora de manh\u00e3 pelo delegado Adroaldo Schenkel, da Defrec. A pol\u00edcia investiga a participa\u00e7\u00e3o de passo-fundenses e procura um terceiro homem que teria participado do assalto. Os quatro presos, todos do Paran\u00e1, tamb\u00e9m s\u00e3o suspeitos de terem participado de outros assaltos na regi\u00e3o, em menos de um m\u00eas.<\/td>\n<\/tr>\n<tr>\n<td><\/td>\n<\/tr>\n<tr>\n<td>Fonte: O Nacional Passo Fundo<\/td>\n<\/tr>\n<\/tbody>\n<\/table>\n","protected":false},"excerpt":{"rendered":"<p>A Pol\u00edcia Civil de Passo Fundo investiga a extens\u00e3o dos crimes praticados pelos dois casais presos entre a noite de ontem e a madrugada de hoje. Eles confessaram terem participado do assalto ao posto banc\u00e1rio do Banrisul, na quarta-feira \u00e0 tarde. A informa\u00e7\u00e3o foi dada agora de manh\u00e3 pelo delegado Adroaldo Schenkel, da Defrec. A [&hellip;]<\/p>\n","protected":false},"author":1,"featured_media":0,"comment_status":"open","ping_status":"open","sticky":false,"template":"","format":"standard","meta":{"ngg_post_thumbnail":0,"footnotes":""},"categories":[10],"tags":[],"class_list":["post-9758","post","type-post","status-publish","format-standard","hentry","category-a-criminalidade-pelo-brasil"],"_links":{"self":[{"href":"https:\/\/www.sindvalores.com.br\/site\/wp-json\/wp\/v2\/posts\/9758","targetHints":{"allow":["GET"]}}],"collection":[{"href":"https:\/\/www.sindvalores.com.br\/site\/wp-json\/wp\/v2\/posts"}],"about":[{"href":"https:\/\/www.sindvalores.com.br\/site\/wp-json\/wp\/v2\/types\/post"}],"author":[{"embeddable":true,"href":"https:\/\/www.sindvalores.com.br\/site\/wp-json\/wp\/v2\/users\/1"}],"replies":[{"embeddable":true,"href":"https:\/\/www.sindvalores.com.br\/site\/wp-json\/wp\/v2\/comments?post=9758"}],"version-history":[{"count":1,"href":"https:\/\/www.sindvalores.com.br\/site\/wp-json\/wp\/v2\/posts\/9758\/revisions"}],"predecessor-version":[{"id":9759,"href":"https:\/\/www.sindvalores.com.br\/site\/wp-json\/wp\/v2\/posts\/9758\/revisions\/9759"}],"wp:attachment":[{"href":"https:\/\/www.sindvalores.com.br\/site\/wp-json\/wp\/v2\/media?parent=9758"}],"wp:term":[{"taxonomy":"category","embeddable":true,"href":"https:\/\/www.sindvalores.com.br\/site\/wp-json\/wp\/v2\/categories?post=9758"},{"taxonomy":"post_tag","embeddable":true,"href":"https:\/\/www.sindvalores.com.br\/site\/wp-json\/wp\/v2\/tags?post=9758"}],"curies":[{"name":"wp","href":"https:\/\/api.w.org\/{rel}","templated":true}]}}