{"id":9764,"date":"2015-03-23T13:17:49","date_gmt":"2015-03-23T13:17:49","guid":{"rendered":"http:\/\/sindvalores.com.br\/site\/?p=9764"},"modified":"2015-03-23T13:17:49","modified_gmt":"2015-03-23T13:17:49","slug":"vigilante-vestido-com-farda-do-exercito-e-preso-pelo-bope-na-saida-do-trabalho","status":"publish","type":"post","link":"https:\/\/www.sindvalores.com.br\/site\/institucional\/a-criminalidade-pelo-brasil\/vigilante-vestido-com-farda-do-exercito-e-preso-pelo-bope-na-saida-do-trabalho","title":{"rendered":"\u00bb Vigilante vestido com farda do ex\u00e9rcito \u00e9 preso pelo BOPE na sa\u00edda do trabalho"},"content":{"rendered":"<table border=\"0\" width=\"100%\">\n<tbody>\n<tr>\n<td>Um vigia noturno, que trabalha fazendo rondas de motocicleta, foi preso por volta das 4h30 desta segunda-feira (13) por policiais do BOPE, na Avenida das Torres, esquina com a rua Augusto Zibarth, o bairro Uberaba, em Curitiba. Tiago Ferreira Kunupp, de 22 anos, vestia um macac\u00e3o do ex\u00e9rcito e um colete bal\u00edstico com a inscri\u00e7\u00e3o \u201cPol\u00edcia\u201d nas costas e portava uma pistola 380.<\/p>\n<p>Com o vigia, que voltava para casa ap\u00f3s o turno de trabalho, a pol\u00edcia ainda encontrou spray com g\u00e1s lacrimog\u00eaneo e algemas. O BOPE encaminhou o motociclista ao CIAC-SUL, onde chegou perto das 6h. Devido o adiantado da hora o delegado de plant\u00e3o n\u00e3o aceitou receber o preso, que foi ent\u00e3o transportado at\u00e9 o 6\u00ba Distrito de Pol\u00edcia, onde foi autuado em flagrante.<\/p>\n<p>Tiago foi um dos aprovados no concurso da Pol\u00edcia Militar, realizado em 2009, e aguardava ser chamado.<\/td>\n<\/tr>\n<tr>\n<td><\/td>\n<\/tr>\n<tr>\n<td>Fonte: Paran\u00e1 Online<\/td>\n<\/tr>\n<\/tbody>\n<\/table>\n","protected":false},"excerpt":{"rendered":"<p>Um vigia noturno, que trabalha fazendo rondas de motocicleta, foi preso por volta das 4h30 desta segunda-feira (13) por policiais do BOPE, na Avenida das Torres, esquina com a rua Augusto Zibarth, o bairro Uberaba, em Curitiba. Tiago Ferreira Kunupp, de 22 anos, vestia um macac\u00e3o do ex\u00e9rcito e um colete bal\u00edstico com a inscri\u00e7\u00e3o [&hellip;]<\/p>\n","protected":false},"author":1,"featured_media":0,"comment_status":"open","ping_status":"open","sticky":false,"template":"","format":"standard","meta":{"ngg_post_thumbnail":0,"footnotes":""},"categories":[10],"tags":[],"class_list":["post-9764","post","type-post","status-publish","format-standard","hentry","category-a-criminalidade-pelo-brasil"],"_links":{"self":[{"href":"https:\/\/www.sindvalores.com.br\/site\/wp-json\/wp\/v2\/posts\/9764","targetHints":{"allow":["GET"]}}],"collection":[{"href":"https:\/\/www.sindvalores.com.br\/site\/wp-json\/wp\/v2\/posts"}],"about":[{"href":"https:\/\/www.sindvalores.com.br\/site\/wp-json\/wp\/v2\/types\/post"}],"author":[{"embeddable":true,"href":"https:\/\/www.sindvalores.com.br\/site\/wp-json\/wp\/v2\/users\/1"}],"replies":[{"embeddable":true,"href":"https:\/\/www.sindvalores.com.br\/site\/wp-json\/wp\/v2\/comments?post=9764"}],"version-history":[{"count":1,"href":"https:\/\/www.sindvalores.com.br\/site\/wp-json\/wp\/v2\/posts\/9764\/revisions"}],"predecessor-version":[{"id":9765,"href":"https:\/\/www.sindvalores.com.br\/site\/wp-json\/wp\/v2\/posts\/9764\/revisions\/9765"}],"wp:attachment":[{"href":"https:\/\/www.sindvalores.com.br\/site\/wp-json\/wp\/v2\/media?parent=9764"}],"wp:term":[{"taxonomy":"category","embeddable":true,"href":"https:\/\/www.sindvalores.com.br\/site\/wp-json\/wp\/v2\/categories?post=9764"},{"taxonomy":"post_tag","embeddable":true,"href":"https:\/\/www.sindvalores.com.br\/site\/wp-json\/wp\/v2\/tags?post=9764"}],"curies":[{"name":"wp","href":"https:\/\/api.w.org\/{rel}","templated":true}]}}