{"id":9798,"date":"2015-03-23T13:31:27","date_gmt":"2015-03-23T13:31:27","guid":{"rendered":"http:\/\/sindvalores.com.br\/site\/?p=9798"},"modified":"2015-03-23T13:31:27","modified_gmt":"2015-03-23T13:31:27","slug":"caixa-eletronico-do-santander-e-arrombado-no-bairro-manejo-em-resende","status":"publish","type":"post","link":"https:\/\/www.sindvalores.com.br\/site\/institucional\/a-criminalidade-pelo-brasil\/caixa-eletronico-do-santander-e-arrombado-no-bairro-manejo-em-resende","title":{"rendered":"\u00bb Caixa eletr\u00f4nico do Santander \u00e9 arrombado no bairro Manejo, em Resende"},"content":{"rendered":"<table border=\"0\" width=\"100%\">\n<tbody>\n<tr>\n<td>Policiais militares do 37\u00ba Batalh\u00e3o foram acionados na manh\u00e3 de hoje na ag\u00eancia do banco Santander, na Avenida Coronel Mendes, 91, no bairro Manejo.<\/p>\n<p>Segundo informa\u00e7\u00f5es policiais, o vigia chegou \u00e0 ag\u00eancia por volta das 7h30 e percebeu que dois caixas eletr\u00f4nicos haviam sido arrombados. Ele teria chamado os PMs imediatamente.<\/p>\n<p>Ainda de acordo com a pol\u00edcia, o gerente do banco teria informado que o montante furtado pode chegar a R$ 50 mil.<\/p>\n<p>O caso foi registrado na 89\u00aa DP, onde ser\u00e1 investigado.<\/td>\n<\/tr>\n<tr>\n<td><\/td>\n<\/tr>\n<tr>\n<td>Fonte: Di\u00e1rio do Vale<\/td>\n<\/tr>\n<\/tbody>\n<\/table>\n","protected":false},"excerpt":{"rendered":"<p>Policiais militares do 37\u00ba Batalh\u00e3o foram acionados na manh\u00e3 de hoje na ag\u00eancia do banco Santander, na Avenida Coronel Mendes, 91, no bairro Manejo. Segundo informa\u00e7\u00f5es policiais, o vigia chegou \u00e0 ag\u00eancia por volta das 7h30 e percebeu que dois caixas eletr\u00f4nicos haviam sido arrombados. Ele teria chamado os PMs imediatamente. Ainda de acordo com [&hellip;]<\/p>\n","protected":false},"author":1,"featured_media":0,"comment_status":"open","ping_status":"open","sticky":false,"template":"","format":"standard","meta":{"ngg_post_thumbnail":0,"footnotes":""},"categories":[10],"tags":[],"class_list":["post-9798","post","type-post","status-publish","format-standard","hentry","category-a-criminalidade-pelo-brasil"],"_links":{"self":[{"href":"https:\/\/www.sindvalores.com.br\/site\/wp-json\/wp\/v2\/posts\/9798","targetHints":{"allow":["GET"]}}],"collection":[{"href":"https:\/\/www.sindvalores.com.br\/site\/wp-json\/wp\/v2\/posts"}],"about":[{"href":"https:\/\/www.sindvalores.com.br\/site\/wp-json\/wp\/v2\/types\/post"}],"author":[{"embeddable":true,"href":"https:\/\/www.sindvalores.com.br\/site\/wp-json\/wp\/v2\/users\/1"}],"replies":[{"embeddable":true,"href":"https:\/\/www.sindvalores.com.br\/site\/wp-json\/wp\/v2\/comments?post=9798"}],"version-history":[{"count":1,"href":"https:\/\/www.sindvalores.com.br\/site\/wp-json\/wp\/v2\/posts\/9798\/revisions"}],"predecessor-version":[{"id":9799,"href":"https:\/\/www.sindvalores.com.br\/site\/wp-json\/wp\/v2\/posts\/9798\/revisions\/9799"}],"wp:attachment":[{"href":"https:\/\/www.sindvalores.com.br\/site\/wp-json\/wp\/v2\/media?parent=9798"}],"wp:term":[{"taxonomy":"category","embeddable":true,"href":"https:\/\/www.sindvalores.com.br\/site\/wp-json\/wp\/v2\/categories?post=9798"},{"taxonomy":"post_tag","embeddable":true,"href":"https:\/\/www.sindvalores.com.br\/site\/wp-json\/wp\/v2\/tags?post=9798"}],"curies":[{"name":"wp","href":"https:\/\/api.w.org\/{rel}","templated":true}]}}