{"id":9802,"date":"2015-03-23T13:32:13","date_gmt":"2015-03-23T13:32:13","guid":{"rendered":"http:\/\/sindvalores.com.br\/site\/?p=9802"},"modified":"2015-03-23T13:32:13","modified_gmt":"2015-03-23T13:32:13","slug":"policia-prende-dois-suspeitos-de-matar-vigia-da-cen","status":"publish","type":"post","link":"https:\/\/www.sindvalores.com.br\/site\/institucional\/a-criminalidade-pelo-brasil\/policia-prende-dois-suspeitos-de-matar-vigia-da-cen","title":{"rendered":"\u00bb Pol\u00edcia prende dois suspeitos de matar vigia da Cen"},"content":{"rendered":"<table border=\"0\" width=\"100%\">\n<tbody>\n<tr>\n<td>Jorge Gon\u00e7alves, 23 e Ramon Kenned, 20, foram presos na tarde desta quinta sob suspeita de terem matado o vigia da Cenibra<\/p>\n<p>IPATINGA \u2013 A Pol\u00edcia Civil de Ipatinga prendeu na tarde desta quinta-feira (23) dois rapazes de Ipaba suspeitos de serem os autores do latroc\u00ednio ocorrido no escrit\u00f3rio da Cenibra na noite de domingo (19).<\/p>\n<p>De acordo com informa\u00e7\u00e3o do detetive Elton Pereira, Jorge Gon\u00e7alves Almeida, de 23 anos, e Ramon Kenned Almeida Oliveira, de 20 anos, informaram que teriam ido ao local com a inten\u00e7\u00e3o de roubar o colete \u00e0 prova de balas do vigia. Contudo, num impasse, acabaram baleando Admilton Lopes de Faria, de 52 anos, e levando apenas sua arma.<\/p>\n<p>Ainda conforme declara\u00e7\u00f5es de Helton, Jorge chegou a dar detalhes do crime, alegando que foi Ramon quem o chamou para ir o local. O detetive contou ainda que, n\u00e3o acredita que os dois rapazes tenham ido ao local para roubar apenas um colete, mas, como a a\u00e7\u00e3o foi frustrada, eles fugiram com medo de que pessoas tivessem ouvido os disparos e acionassem a pol\u00edcia.<\/p>\n<p>A pris\u00e3o dos suspeitos foi efetuada ap\u00f3s diversas dilig\u00eancias realizadas ao longo de todo o feriado, envolvendo o inspetor M\u00e1rcio e os investigadores Ronaldo, Fl\u00e1vio e Rog\u00e9rio.<\/td>\n<\/tr>\n<tr>\n<td><\/td>\n<\/tr>\n<tr>\n<td>Fonte: JVA On-line &#8211; Ipatinga\/MG<\/td>\n<\/tr>\n<\/tbody>\n<\/table>\n","protected":false},"excerpt":{"rendered":"<p>Jorge Gon\u00e7alves, 23 e Ramon Kenned, 20, foram presos na tarde desta quinta sob suspeita de terem matado o vigia da Cenibra IPATINGA \u2013 A Pol\u00edcia Civil de Ipatinga prendeu na tarde desta quinta-feira (23) dois rapazes de Ipaba suspeitos de serem os autores do latroc\u00ednio ocorrido no escrit\u00f3rio da Cenibra na noite de domingo [&hellip;]<\/p>\n","protected":false},"author":1,"featured_media":0,"comment_status":"open","ping_status":"open","sticky":false,"template":"","format":"standard","meta":{"ngg_post_thumbnail":0,"footnotes":""},"categories":[10],"tags":[],"class_list":["post-9802","post","type-post","status-publish","format-standard","hentry","category-a-criminalidade-pelo-brasil"],"_links":{"self":[{"href":"https:\/\/www.sindvalores.com.br\/site\/wp-json\/wp\/v2\/posts\/9802","targetHints":{"allow":["GET"]}}],"collection":[{"href":"https:\/\/www.sindvalores.com.br\/site\/wp-json\/wp\/v2\/posts"}],"about":[{"href":"https:\/\/www.sindvalores.com.br\/site\/wp-json\/wp\/v2\/types\/post"}],"author":[{"embeddable":true,"href":"https:\/\/www.sindvalores.com.br\/site\/wp-json\/wp\/v2\/users\/1"}],"replies":[{"embeddable":true,"href":"https:\/\/www.sindvalores.com.br\/site\/wp-json\/wp\/v2\/comments?post=9802"}],"version-history":[{"count":1,"href":"https:\/\/www.sindvalores.com.br\/site\/wp-json\/wp\/v2\/posts\/9802\/revisions"}],"predecessor-version":[{"id":9803,"href":"https:\/\/www.sindvalores.com.br\/site\/wp-json\/wp\/v2\/posts\/9802\/revisions\/9803"}],"wp:attachment":[{"href":"https:\/\/www.sindvalores.com.br\/site\/wp-json\/wp\/v2\/media?parent=9802"}],"wp:term":[{"taxonomy":"category","embeddable":true,"href":"https:\/\/www.sindvalores.com.br\/site\/wp-json\/wp\/v2\/categories?post=9802"},{"taxonomy":"post_tag","embeddable":true,"href":"https:\/\/www.sindvalores.com.br\/site\/wp-json\/wp\/v2\/tags?post=9802"}],"curies":[{"name":"wp","href":"https:\/\/api.w.org\/{rel}","templated":true}]}}