{"id":9812,"date":"2015-03-23T13:35:54","date_gmt":"2015-03-23T13:35:54","guid":{"rendered":"http:\/\/sindvalores.com.br\/site\/?p=9812"},"modified":"2015-03-23T13:35:54","modified_gmt":"2015-03-23T13:35:54","slug":"agencia-bancaria-e-assaltada-na-zona-norte-da-capital","status":"publish","type":"post","link":"https:\/\/www.sindvalores.com.br\/site\/institucional\/a-criminalidade-pelo-brasil\/agencia-bancaria-e-assaltada-na-zona-norte-da-capital","title":{"rendered":"\u00bb Ag\u00eancia banc\u00e1ria \u00e9 assaltada na zona Norte da Capital"},"content":{"rendered":"<table border=\"0\" width=\"100%\">\n<tbody>\n<tr>\n<td>Uma ag\u00eancia do Banco Ita\u00fa foi assaltada por volta das 12h40min desta segunda-feira na avenida Baltazar de Oliveira Garcia, no bairro Planalto, na zona Norte da Capital. Quatro homens armados entraram na ag\u00eancia e renderam funcion\u00e1rios e clientes. Havia cerca de 20 pessoas no momento da a\u00e7\u00e3o. Os tr\u00eas vigias foram rendidos e as armas tomadas.<\/p>\n<p>O roubo durou cerca de cinco minutos e o grupo fugiu em dois ve\u00edculos que aguardavam no lado de fora da ag\u00eancia. Agentes da Delegacia de Roubos e Brigada Militar efetuam buscas na regi\u00e3o. O banco n\u00e3o informou a quantia levada.<\/td>\n<\/tr>\n<tr>\n<td><\/td>\n<\/tr>\n<tr>\n<td>Fonte: Correio do Povo<\/td>\n<\/tr>\n<\/tbody>\n<\/table>\n","protected":false},"excerpt":{"rendered":"<p>Uma ag\u00eancia do Banco Ita\u00fa foi assaltada por volta das 12h40min desta segunda-feira na avenida Baltazar de Oliveira Garcia, no bairro Planalto, na zona Norte da Capital. Quatro homens armados entraram na ag\u00eancia e renderam funcion\u00e1rios e clientes. Havia cerca de 20 pessoas no momento da a\u00e7\u00e3o. Os tr\u00eas vigias foram rendidos e as armas [&hellip;]<\/p>\n","protected":false},"author":1,"featured_media":0,"comment_status":"open","ping_status":"open","sticky":false,"template":"","format":"standard","meta":{"ngg_post_thumbnail":0,"footnotes":""},"categories":[10],"tags":[],"class_list":["post-9812","post","type-post","status-publish","format-standard","hentry","category-a-criminalidade-pelo-brasil"],"_links":{"self":[{"href":"https:\/\/www.sindvalores.com.br\/site\/wp-json\/wp\/v2\/posts\/9812","targetHints":{"allow":["GET"]}}],"collection":[{"href":"https:\/\/www.sindvalores.com.br\/site\/wp-json\/wp\/v2\/posts"}],"about":[{"href":"https:\/\/www.sindvalores.com.br\/site\/wp-json\/wp\/v2\/types\/post"}],"author":[{"embeddable":true,"href":"https:\/\/www.sindvalores.com.br\/site\/wp-json\/wp\/v2\/users\/1"}],"replies":[{"embeddable":true,"href":"https:\/\/www.sindvalores.com.br\/site\/wp-json\/wp\/v2\/comments?post=9812"}],"version-history":[{"count":1,"href":"https:\/\/www.sindvalores.com.br\/site\/wp-json\/wp\/v2\/posts\/9812\/revisions"}],"predecessor-version":[{"id":9813,"href":"https:\/\/www.sindvalores.com.br\/site\/wp-json\/wp\/v2\/posts\/9812\/revisions\/9813"}],"wp:attachment":[{"href":"https:\/\/www.sindvalores.com.br\/site\/wp-json\/wp\/v2\/media?parent=9812"}],"wp:term":[{"taxonomy":"category","embeddable":true,"href":"https:\/\/www.sindvalores.com.br\/site\/wp-json\/wp\/v2\/categories?post=9812"},{"taxonomy":"post_tag","embeddable":true,"href":"https:\/\/www.sindvalores.com.br\/site\/wp-json\/wp\/v2\/tags?post=9812"}],"curies":[{"name":"wp","href":"https:\/\/api.w.org\/{rel}","templated":true}]}}